{"id":5645,"date":"2021-04-30T16:08:37","date_gmt":"2021-04-30T16:08:37","guid":{"rendered":"http:\/\/trabada.gal\/?p=5645"},"modified":"2021-08-04T16:36:37","modified_gmt":"2021-08-04T16:36:37","slug":"o-concello-de-trabada-consegue-unha-subvencion-da-xunta-para-a-renovacion-integral-e-a-humanizacion-da-rua-cotarelo","status":"publish","type":"post","link":"https:\/\/trabada.gal\/gl\/2021\/04\/30\/o-concello-de-trabada-consegue-unha-subvencion-da-xunta-para-a-renovacion-integral-e-a-humanizacion-da-rua-cotarelo\/","title":{"rendered":"O CONCELLO DE TRABADA CONSEGUE UNHA SUBVENCI\u00d3N DA XUNTA PARA A RENOVACI\u00d3N INTEGRAL E A HUMANIZACI\u00d3N DA R\u00daA COTARELO"},"content":{"rendered":"\t\t<div data-elementor-type=\"wp-post\" data-elementor-id=\"5645\" class=\"elementor elementor-5645\">\n\t\t\t\t\t\t<section class=\"elementor-section elementor-top-section elementor-element elementor-element-3770342 elementor-section-boxed elementor-section-height-default elementor-section-height-default\" data-id=\"3770342\" data-element_type=\"section\" data-e-type=\"section\">\n\t\t\t\t\t\t<div class=\"elementor-container elementor-column-gap-default\">\n\t\t\t\t\t<div class=\"elementor-column elementor-col-100 elementor-top-column elementor-element elementor-element-261664a\" data-id=\"261664a\" data-element_type=\"column\" data-e-type=\"column\">\n\t\t\t<div class=\"elementor-widget-wrap elementor-element-populated\">\n\t\t\t\t\t\t<div class=\"elementor-element elementor-element-761d86c elementor-widget elementor-widget-text-editor\" data-id=\"761d86c\" data-element_type=\"widget\" data-e-type=\"widget\" data-widget_type=\"text-editor.default\">\n\t\t\t\t<div class=\"elementor-widget-container\">\n\t\t\t\t\t\t\t\t\t<p>\u00a0O\u00a0<a class=\"oajrlxb2 g5ia77u1 qu0x051f esr5mh6w e9989ue4 r7d6kgcz rq0escxv nhd2j8a9 nc684nl6 p7hjln8o kvgmc6g5 cxmmr5t8 oygrvhab hcukyx3x jb3vyjys rz4wbd8a qt6c0cv9 a8nywdso i1ao9s8h esuyzwwr f1sip0of lzcic4wl oo9gr5id gpro0wi8 lrazzd5p\" tabindex=\"0\" role=\"link\" href=\"https:\/\/www.facebook.com\/Concello-de-Trabada-104654019876363\/?__cft__[0]=AZXRruaKZOZgR0L_uGyN19sarJ3LeKITHOk2XUOhmvKhX68S_LTX9jReoMp0fOROsDK_oyew5MLz2B2H30C-tT6LhZMvlogDSVU714HXin4ynF8mxTKKqKx1noFfgCdYuz2q6QHNTIG3R8liaWl2ttRA&amp;__tn__=kK*F\"><span class=\"nc684nl6\">Concello de Trabada<\/span><\/a>\u00a0conseguiu unha subvenci\u00f3n da Xunta de Galicia para financiar o 70% da renovaci\u00f3n integral e a humanizaci\u00f3n da r\u00faa Cotarelo, un dos viais m\u00e1s c\u00e9ntricos e con m\u00e1is tr\u00e1nsito de veh\u00edculos e pe\u00f3ns do municipio.<br \/><br \/>As subvenci\u00f3ns, destinadas \u00e1 creaci\u00f3n ou mellora de infraestruturas nos concellos de Galicia con poboaci\u00f3n inferior a 20.000 habitantes, resolv\u00edanse por orde de entrada das solicitudes desde as 00.00 horas do pasado 9 de marzo. A tramitaci\u00f3n realizouna persoalmente a propia alcaldesa de Trabada,\u00a0<a class=\"oajrlxb2 g5ia77u1 qu0x051f esr5mh6w e9989ue4 r7d6kgcz rq0escxv nhd2j8a9 nc684nl6 p7hjln8o kvgmc6g5 cxmmr5t8 oygrvhab hcukyx3x jb3vyjys rz4wbd8a qt6c0cv9 a8nywdso i1ao9s8h esuyzwwr f1sip0of lzcic4wl oo9gr5id gpro0wi8 lrazzd5p\" tabindex=\"0\" role=\"link\" href=\"https:\/\/www.facebook.com\/mayra.garciabermudez?__cft__[0]=AZXRruaKZOZgR0L_uGyN19sarJ3LeKITHOk2XUOhmvKhX68S_LTX9jReoMp0fOROsDK_oyew5MLz2B2H30C-tT6LhZMvlogDSVU714HXin4ynF8mxTKKqKx1noFfgCdYuz2q6QHNTIG3R8liaWl2ttRA&amp;__tn__=-]K*F\"><span class=\"nc684nl6\">Mayra Garc\u00eda Berm\u00fadez<\/span><\/a>, en s\u00f3 catro minutos, polo que as 00:04 horas estaba presentada.<br \/><br \/>Agora, o concello recibe a notificaci\u00f3n de que lle foi concedida a subvenci\u00f3n de 67.760 euros para unha actuaci\u00f3n que ter\u00e1 un orzamento de 121.000 euros e servir\u00e1 para mellorar o tr\u00e1nsito e a accesibilidade da r\u00faa na que se atopa a \u00fanica entidade bancaria do Concello, a \u00fanica farmacia e a \u00fanica cl\u00ednica terap\u00e9utica.<br \/><br \/>\u201cUn proxecto moi importante para unha das principais arterias do noso concello, dotando a zona de novos servizos e humanizando a contorna para facela mais habitable, mellorando as\u00ed a vida diaria dos nosos veci\u00f1os e veci\u00f1as\u201d, explica a alcaldesa.<br \/><br \/>Adem\u00e1is, a r\u00faa Cotarelo confl\u00fae no seu inicio coa R\u00faa do Concello, pola que transcurre o Cami\u00f1o de Santiago Norte\u2013Ruta da Costa, recentemente declarado Patrimonio da Humanidade; en frente est\u00e1 situado o concello e un espazo p\u00fablico que conta cunha praza, un parque infantil e a Igrexa Parroquial, polo que tam\u00e9n mellorar\u00e1 a imaxe de Trabada de cara aos turistas e peregrinos.<br \/><br \/>Na actualidade at\u00f3pase cun pavimento moi deteriorado, executado con secci\u00f3ns varias e con dobre sentido de circulaci\u00f3n, onde s\u00f3 hai un tramo de beirarr\u00faa nos primeiros metros, na marxe dereita, que tam\u00e9n se atopa en mal estado.<br \/><br \/>O proxecto consiste nunha r\u00faa ao mesmo nivel, con beirarr\u00faas a ambos m\u00e1rxenes, un carril de aparcadoiro pola marxe esquerda e un carril de circulaci\u00f3n de direcci\u00f3n \u00fanica.<br \/><br \/>Con estas obras dotarase \u00e1 r\u00faa de novas redes de saneamento e abastecemento de auga; alumeado p\u00fablico; canalizaci\u00f3n de baixa tensi\u00f3n e telefon\u00eda; pavimentaci\u00f3n da calzada e das beirarr\u00faas, e sinalizaci\u00f3n vial.<\/p>\t\t\t\t\t\t\t\t<\/div>\n\t\t\t\t<\/div>\n\t\t\t\t\t<\/div>\n\t\t<\/div>\n\t\t\t\t\t<\/div>\n\t\t<\/section>\n\t\t\t\t<\/div>\n\t\t","protected":false},"excerpt":{"rendered":"<p>&nbsp;O&nbsp;Concello de Trabada&nbsp;conseguiu unha subvenci\u00f3n da Xunta de Galicia para financiar o 70% da renovaci\u00f3n integral e a humanizaci\u00f3n da r\u00faa Cotarelo, un dos viais m\u00e1s c\u00e9ntricos e con m\u00e1is tr\u00e1nsito de veh\u00edculos e pe\u00f3ns do municipio. As subvenci\u00f3ns, destinadas \u00e1 creaci\u00f3n ou mellora de infraestruturas nos concellos de Galicia con poboaci\u00f3n inferior a 20.000 [&hellip;]<\/p>\n","protected":false},"author":2,"featured_media":5646,"comment_status":"closed","ping_status":"closed","sticky":false,"template":"","format":"standard","meta":{"footnotes":""},"categories":[90],"tags":[],"class_list":["post-5645","post","type-post","status-publish","format-standard","has-post-thumbnail","hentry","category-noticias"],"_links":{"self":[{"href":"https:\/\/trabada.gal\/gl\/wp-json\/wp\/v2\/posts\/5645","targetHints":{"allow":["GET"]}}],"collection":[{"href":"https:\/\/trabada.gal\/gl\/wp-json\/wp\/v2\/posts"}],"about":[{"href":"https:\/\/trabada.gal\/gl\/wp-json\/wp\/v2\/types\/post"}],"author":[{"embeddable":true,"href":"https:\/\/trabada.gal\/gl\/wp-json\/wp\/v2\/users\/2"}],"replies":[{"embeddable":true,"href":"https:\/\/trabada.gal\/gl\/wp-json\/wp\/v2\/comments?post=5645"}],"version-history":[{"count":0,"href":"https:\/\/trabada.gal\/gl\/wp-json\/wp\/v2\/posts\/5645\/revisions"}],"wp:featuredmedia":[{"embeddable":true,"href":"https:\/\/trabada.gal\/gl\/wp-json\/wp\/v2\/media\/5646"}],"wp:attachment":[{"href":"https:\/\/trabada.gal\/gl\/wp-json\/wp\/v2\/media?parent=5645"}],"wp:term":[{"taxonomy":"category","embeddable":true,"href":"https:\/\/trabada.gal\/gl\/wp-json\/wp\/v2\/categories?post=5645"},{"taxonomy":"post_tag","embeddable":true,"href":"https:\/\/trabada.gal\/gl\/wp-json\/wp\/v2\/tags?post=5645"}],"curies":[{"name":"wp","href":"https:\/\/api.w.org\/{rel}","templated":true}]}}