{"id":5653,"date":"2021-05-10T16:14:18","date_gmt":"2021-05-10T16:14:18","guid":{"rendered":"http:\/\/trabada.gal\/?p=5653"},"modified":"2021-08-04T16:36:22","modified_gmt":"2021-08-04T16:36:22","slug":"a-estrada-lu-p-5506-renovouse-integramente-con-aglomerado-en-quente","status":"publish","type":"post","link":"https:\/\/trabada.gal\/gl\/2021\/05\/10\/a-estrada-lu-p-5506-renovouse-integramente-con-aglomerado-en-quente\/","title":{"rendered":"A ESTRADA LU-P-5506 RENOVOUSE INTEGRAMENTE CON AGLOMERADO EN QUENTE."},"content":{"rendered":"<div data-elementor-type=\"wp-post\" data-elementor-id=\"5653\" class=\"elementor elementor-5653\">\n\t\t\t\t\t\t<section class=\"elementor-section elementor-top-section elementor-element elementor-element-390bf9a elementor-section-boxed elementor-section-height-default elementor-section-height-default\" data-id=\"390bf9a\" data-element_type=\"section\" data-e-type=\"section\">\n\t\t\t\t\t\t<div class=\"elementor-container elementor-column-gap-default\">\n\t\t\t\t\t<div class=\"elementor-column elementor-col-100 elementor-top-column elementor-element elementor-element-49d0858\" data-id=\"49d0858\" data-element_type=\"column\" data-e-type=\"column\">\n\t\t\t<div class=\"elementor-widget-wrap elementor-element-populated\">\n\t\t\t\t\t\t<div class=\"elementor-element elementor-element-4f955e7 elementor-widget elementor-widget-text-editor\" data-id=\"4f955e7\" data-element_type=\"widget\" data-e-type=\"widget\" data-widget_type=\"text-editor.default\">\n\t\t\t\t<div class=\"elementor-widget-container\">\n\t\t\t\t\t\t\t\t\t<p>A Deputaci\u00f3n Provincial de Lugo inviste 152.500\u20ac na estrada LU-P-5506 que \u00e9 a principal v\u00eda de comunicaci\u00f3n do municipio trabadense coa capitalidade da provincia.<br \/><br \/>Estas melloras permitir\u00e1n que a v\u00eda quede renovada de maneira \u00edntegra co estendido de aglomerado en quente, xa que esta \u00e9 a \u00faltima das tres fases nas que acometemos esta importante obra.<br \/><br \/>Esta actuaci\u00f3n d\u00e1 resposta a unha demanda hist\u00f3rica da veci\u00f1anza da zona, que reclamaban a remodelaci\u00f3n desta estrada por ser a v\u00eda que conecta con Lugo cidade.<\/p>\t\t\t\t\t\t\t\t<\/div>\n\t\t\t\t<\/div>\n\t\t\t\t\t<\/div>\n\t\t<\/div>\n\t\t\t\t\t<\/div>\n\t\t<\/section>\n\t\t\t\t<\/div>","protected":false},"excerpt":{"rendered":"<p>A Deputaci\u00f3n Provincial de Lugo inviste 152.500\u20ac na estrada LU-P-5506 que \u00e9 a principal v\u00eda de comunicaci\u00f3n do municipio trabadense coa capitalidade da provincia. Estas melloras permitir\u00e1n que a v\u00eda quede renovada de maneira \u00edntegra co estendido de aglomerado en quente, xa que esta \u00e9 a \u00faltima das tres fases nas que acometemos esta importante [&hellip;]<\/p>\n","protected":false},"author":2,"featured_media":5654,"comment_status":"closed","ping_status":"closed","sticky":false,"template":"","format":"standard","meta":{"footnotes":""},"categories":[90],"tags":[],"class_list":["post-5653","post","type-post","status-publish","format-standard","has-post-thumbnail","hentry","category-noticias"],"_links":{"self":[{"href":"https:\/\/trabada.gal\/gl\/wp-json\/wp\/v2\/posts\/5653","targetHints":{"allow":["GET"]}}],"collection":[{"href":"https:\/\/trabada.gal\/gl\/wp-json\/wp\/v2\/posts"}],"about":[{"href":"https:\/\/trabada.gal\/gl\/wp-json\/wp\/v2\/types\/post"}],"author":[{"embeddable":true,"href":"https:\/\/trabada.gal\/gl\/wp-json\/wp\/v2\/users\/2"}],"replies":[{"embeddable":true,"href":"https:\/\/trabada.gal\/gl\/wp-json\/wp\/v2\/comments?post=5653"}],"version-history":[{"count":0,"href":"https:\/\/trabada.gal\/gl\/wp-json\/wp\/v2\/posts\/5653\/revisions"}],"wp:featuredmedia":[{"embeddable":true,"href":"https:\/\/trabada.gal\/gl\/wp-json\/wp\/v2\/media\/5654"}],"wp:attachment":[{"href":"https:\/\/trabada.gal\/gl\/wp-json\/wp\/v2\/media?parent=5653"}],"wp:term":[{"taxonomy":"category","embeddable":true,"href":"https:\/\/trabada.gal\/gl\/wp-json\/wp\/v2\/categories?post=5653"},{"taxonomy":"post_tag","embeddable":true,"href":"https:\/\/trabada.gal\/gl\/wp-json\/wp\/v2\/tags?post=5653"}],"curies":[{"name":"wp","href":"https:\/\/api.w.org\/{rel}","templated":true}]}}