{"id":5659,"date":"2021-05-20T16:15:37","date_gmt":"2021-05-20T16:15:37","guid":{"rendered":"http:\/\/trabada.gal\/?p=5659"},"modified":"2021-08-04T16:36:03","modified_gmt":"2021-08-04T16:36:03","slug":"o-concello-de-trabada-aprobara-en-pleno-novas-rebaixas-fiscais-para-axudar-ao-sector-agrogandeiro-estratexico-e-prioritario-na-e-economia-local","status":"publish","type":"post","link":"https:\/\/trabada.gal\/gl\/2021\/05\/20\/o-concello-de-trabada-aprobara-en-pleno-novas-rebaixas-fiscais-para-axudar-ao-sector-agrogandeiro-estratexico-e-prioritario-na-e-economia-local\/","title":{"rendered":"O CONCELLO DE TRABADA APROBAR\u00c1 EN PLENO NOVAS REBAIXAS FISCAIS \u201cPARA AXUDAR AO SECTOR AGROGANDEIRO, ESTRAT\u00c9XICO E PRIORITARIO NA E ECONOM\u00cdA LOCAL\u201d"},"content":{"rendered":"\t\t<div data-elementor-type=\"wp-post\" data-elementor-id=\"5659\" class=\"elementor elementor-5659\">\n\t\t\t\t\t\t<section class=\"elementor-section elementor-top-section elementor-element elementor-element-24fde7e elementor-section-boxed elementor-section-height-default elementor-section-height-default\" data-id=\"24fde7e\" data-element_type=\"section\" data-e-type=\"section\">\n\t\t\t\t\t\t<div class=\"elementor-container elementor-column-gap-default\">\n\t\t\t\t\t<div class=\"elementor-column elementor-col-100 elementor-top-column elementor-element elementor-element-8f3dfba\" data-id=\"8f3dfba\" data-element_type=\"column\" data-e-type=\"column\">\n\t\t\t<div class=\"elementor-widget-wrap elementor-element-populated\">\n\t\t\t\t\t\t<div class=\"elementor-element elementor-element-c326e0d elementor-widget elementor-widget-text-editor\" data-id=\"c326e0d\" data-element_type=\"widget\" data-e-type=\"widget\" data-widget_type=\"text-editor.default\">\n\t\t\t\t<div class=\"elementor-widget-container\">\n\t\t\t\t\t\t\t\t\t<p>O goberno municipal do Concello de Trabada aprobar\u00e1 no pleno do pr\u00f3ximo luns, d\u00eda 24 de maio, novas rebaixas fiscais para axudar ao sector agrogandeiro.<br \/><br \/>\u201cFalamos dun sector estrat\u00e9xico e prioritario para Trabada, non s\u00f3 en termos econ\u00f3micos se non tam\u00e9n polos empregos que xera, e por suposto compartimos as s\u00faas inquedanzas sobre o futuro, polo que dentro das nosas competencias temos que facer todo o posible para axudar \u00e1s explotaci\u00f3ns\u201d, asegura\u00a0<a class=\"oajrlxb2 g5ia77u1 qu0x051f esr5mh6w e9989ue4 r7d6kgcz rq0escxv nhd2j8a9 nc684nl6 p7hjln8o kvgmc6g5 cxmmr5t8 oygrvhab hcukyx3x jb3vyjys rz4wbd8a qt6c0cv9 a8nywdso i1ao9s8h esuyzwwr f1sip0of lzcic4wl oo9gr5id gpro0wi8 lrazzd5p\" tabindex=\"0\" role=\"link\" href=\"https:\/\/www.facebook.com\/mayra.garciabermudez?__cft__[0]=AZWKxYR7mDpYvANVk389t6MVub5MIla7ToaeNcb93jQmyeKuYB2Doy03cWm5tjM1dT1VAwuOBqc6-RK3to74RSYULerjU-0ucOVeo0oFNlYzSrnc28I5uqGv7QbrvZtYAEMctGCw66vEmE5rgWLcMEBL&amp;__tn__=-]K*F\"><span class=\"nc684nl6\">Mayra Garc\u00eda Berm\u00fadez<\/span><\/a>, alcaldesa de Trabada.<br \/><br \/>En concreto, o pleno aprobar\u00e1 de maneira inicial unha modificaci\u00f3n da Ordenanza Fiscal Reguladora do Imposto de Construcci\u00f3ns, Instalaci\u00f3ns e Obras do Concello de Trabada, co obxectivo de \u201cestablecer unha bonificaci\u00f3n do 95% a favor das construci\u00f3ns, instalaci\u00f3ns ou obras que afecten ou se refiren a explotaci\u00f3ns gandeiras ou agr\u00edcolas e que sexan declaradas de especial interese ou utilidade municipal por concorrer circunstancias sociais, culturais, hist\u00f3rico-art\u00edsticas ou de fomento de emprego que xustifiquen tal declaraci\u00f3n. Esta declaraci\u00f3n corresponder\u00e1 ao Pleno da Corporaci\u00f3n, logo de solicitude do suxeito pasivo\u201d.<br \/><br \/>\u201cSabemos que esta medida repercute directamente nas arcas municipais, pois deixamos de recaudar o importe bonificado, pero tam\u00e9n somos conscientes da importancia desta medida para os nosos veci\u00f1os, e os que temos responsabilidades de goberno temos a obriga de adoptar medidas que contrib\u00faan a mellorar a calidade de vida nos nosos concellos\u201d, engade a alcaldesa.<br \/><br \/>Despois do pleno, someterase a informaci\u00f3n p\u00fablica a citada modificaci\u00f3n da ordenanza fiscal reguladora do Imposto de Instalaci\u00f3ns, Construcci\u00f3ns e Obras do Concello de Trabada durante trinta d\u00edas h\u00e1biles, a efectos de reclamaci\u00f3ns e suxesti\u00f3ns, antes da aprobaci\u00f3n definitiva.\u00a0<\/p>\t\t\t\t\t\t\t\t<\/div>\n\t\t\t\t<\/div>\n\t\t\t\t\t<\/div>\n\t\t<\/div>\n\t\t\t\t\t<\/div>\n\t\t<\/section>\n\t\t\t\t<\/div>\n\t\t","protected":false},"excerpt":{"rendered":"<p>O goberno municipal do Concello de Trabada aprobar\u00e1 no pleno do pr\u00f3ximo luns, d\u00eda 24 de maio, novas rebaixas fiscais para axudar ao sector agrogandeiro. \u201cFalamos dun sector estrat\u00e9xico e prioritario para Trabada, non s\u00f3 en termos econ\u00f3micos se non tam\u00e9n polos empregos que xera, e por suposto compartimos as s\u00faas inquedanzas sobre o futuro, [&hellip;]<\/p>\n","protected":false},"author":2,"featured_media":5660,"comment_status":"closed","ping_status":"closed","sticky":false,"template":"","format":"standard","meta":{"footnotes":""},"categories":[90],"tags":[],"class_list":["post-5659","post","type-post","status-publish","format-standard","has-post-thumbnail","hentry","category-noticias"],"_links":{"self":[{"href":"https:\/\/trabada.gal\/gl\/wp-json\/wp\/v2\/posts\/5659","targetHints":{"allow":["GET"]}}],"collection":[{"href":"https:\/\/trabada.gal\/gl\/wp-json\/wp\/v2\/posts"}],"about":[{"href":"https:\/\/trabada.gal\/gl\/wp-json\/wp\/v2\/types\/post"}],"author":[{"embeddable":true,"href":"https:\/\/trabada.gal\/gl\/wp-json\/wp\/v2\/users\/2"}],"replies":[{"embeddable":true,"href":"https:\/\/trabada.gal\/gl\/wp-json\/wp\/v2\/comments?post=5659"}],"version-history":[{"count":0,"href":"https:\/\/trabada.gal\/gl\/wp-json\/wp\/v2\/posts\/5659\/revisions"}],"wp:featuredmedia":[{"embeddable":true,"href":"https:\/\/trabada.gal\/gl\/wp-json\/wp\/v2\/media\/5660"}],"wp:attachment":[{"href":"https:\/\/trabada.gal\/gl\/wp-json\/wp\/v2\/media?parent=5659"}],"wp:term":[{"taxonomy":"category","embeddable":true,"href":"https:\/\/trabada.gal\/gl\/wp-json\/wp\/v2\/categories?post=5659"},{"taxonomy":"post_tag","embeddable":true,"href":"https:\/\/trabada.gal\/gl\/wp-json\/wp\/v2\/tags?post=5659"}],"curies":[{"name":"wp","href":"https:\/\/api.w.org\/{rel}","templated":true}]}}