{"id":5829,"date":"2021-08-04T22:17:00","date_gmt":"2021-08-04T22:17:00","guid":{"rendered":"https:\/\/trabada.gal\/?p=5829"},"modified":"2021-08-10T22:23:06","modified_gmt":"2021-08-10T22:23:06","slug":"el-ayuntamiento-de-trabada-pone-en-marcha-un-servicio-de-madrugadores-escolares-una-nueva-iniciativa-para-impulsar-la-conciliacion-de-la-vida-laboral-y-familiar","status":"publish","type":"post","link":"https:\/\/trabada.gal\/gl\/2021\/08\/04\/el-ayuntamiento-de-trabada-pone-en-marcha-un-servicio-de-madrugadores-escolares-una-nueva-iniciativa-para-impulsar-la-conciliacion-de-la-vida-laboral-y-familiar\/","title":{"rendered":"O CONCELLO DE TRABADA PON EN MARCHA UN SERVIZO DE MADRUGADORES ESCOLARES, UNHA NOVA INICIATIVA PARA IMPULSAR A CONCILIACI\u00d3N DA VIDA LABORAL E FAMILIAR"},"content":{"rendered":"<div data-elementor-type=\"wp-post\" data-elementor-id=\"5829\" class=\"elementor elementor-5829\">\n\t\t\t\t\t\t<section class=\"elementor-section elementor-top-section elementor-element elementor-element-39d2bb0 elementor-section-boxed elementor-section-height-default elementor-section-height-default\" data-id=\"39d2bb0\" data-element_type=\"section\" data-e-type=\"section\">\n\t\t\t\t\t\t<div class=\"elementor-container elementor-column-gap-default\">\n\t\t\t\t\t<div class=\"elementor-column elementor-col-100 elementor-top-column elementor-element elementor-element-eb96fb3\" data-id=\"eb96fb3\" data-element_type=\"column\" data-e-type=\"column\">\n\t\t\t<div class=\"elementor-widget-wrap elementor-element-populated\">\n\t\t\t\t\t\t<div class=\"elementor-element elementor-element-3889fbd elementor-widget elementor-widget-text-editor\" data-id=\"3889fbd\" data-element_type=\"widget\" data-e-type=\"widget\" data-widget_type=\"text-editor.default\">\n\t\t\t\t<div class=\"elementor-widget-container\">\n\t\t\t\t\t\t\t\t\t<div class=\"col_b\"><div class=\"textbox\"><div id=\"contenedor\" class=\"textarea unknown\">O Concello de Trabada pon en marcha neste pr\u00f3ximo curso un servizo de Madrugadores, permitindo \u00e1s familias deixar aos seus fillos e fillas no colexio antes da entrada a clase para facilitar a atenci\u00f3n dos menores con proxenitores que te\u00f1an un horario laboral que non coincide co escolar.<\/div><div>\u00a0<\/div><div class=\"textarea unknown\">Este novo servizo prestarase no CEIP Celso Curr\u00e1s do Concello de Trabada dende setembro a xu\u00f1o, con actividades de ocio e ocupaci\u00f3n do tempo de lecer baseadas nos principios da educaci\u00f3n non formal en horario de 08.00 horas ata o inicio das clases.<\/div><div>\u00a0<\/div><div class=\"textarea unknown\">\u201cTr\u00e1tase dunha nova iniciativa enmarcada nas li\u00f1as de apoio que dende o concello po\u00f1emos en marcha para seguir contribu\u00edndo \u00e1 conciliaci\u00f3n da vida laboral e familiar, ademais de seguir traballando con medidas responsables que fomenten a natalidade e melloren a situaci\u00f3n educativa das nenas e nenos\u201d, explica Mayra Garc\u00eda Berm\u00fadez, alcaldesa de Trabada.<\/div><div>\u00a0<\/div><div class=\"textarea unknown\">O acceso aos Madrugadores pretende dar prioridade \u00e1s familias numerosas e \u00e1s familias nas que os dous proxenitores traballen. A tarifa ser\u00e1 de 25 euros ao mes e o servizo est\u00e1 dirixido aos nenos e nenas nados entre o 1 de xaneiro de 2009 e o 31 de decembro de 2018.<\/div><div>\u00a0<\/div><div class=\"textarea unknown\">A preinscrici\u00f3n ser\u00e1 preferiblemente telem\u00e1tica desde ma\u00f1\u00e1, d\u00eda 5 de agosto, e ata o 20 de agosto. O n\u00famero m\u00e1ximo ser\u00e1 de 10 usuarios e, no caso de haber m\u00e1is solicitudes que prazas, accederase ao servizo tendo en conta a orde da puntuaci\u00f3n acadada na baremaci\u00f3n.<\/div><div>\u00a0<\/div><div class=\"textarea unknown\">As bases completas e o modelo de solicitude est\u00e1 a disposici\u00f3n de todas as persoas interesadas na sede electr\u00f3nica do Concello de Trabada.<\/div><\/div><\/div>\t\t\t\t\t\t\t\t<\/div>\n\t\t\t\t<\/div>\n\t\t\t\t\t<\/div>\n\t\t<\/div>\n\t\t\t\t\t<\/div>\n\t\t<\/section>\n\t\t\t\t<\/div>","protected":false},"excerpt":{"rendered":"<p>El Ayuntamiento de Trabada pone en marcha en este pr\u00f3ximo curso un servicio de Madrugadores, permitiendo a las familias dejar a sus hijos y hijas en el colegio antes de la entrada a clase para facilitar la atenci\u00f3n de los menores con progenitores que tengan un horario laboral que no coincide con el escolar.\u00a0Este nuevo [&hellip;]<\/p>\n","protected":false},"author":2,"featured_media":5830,"comment_status":"closed","ping_status":"closed","sticky":false,"template":"","format":"standard","meta":{"footnotes":""},"categories":[1],"tags":[],"class_list":["post-5829","post","type-post","status-publish","format-standard","has-post-thumbnail","hentry","category-trabada"],"_links":{"self":[{"href":"https:\/\/trabada.gal\/gl\/wp-json\/wp\/v2\/posts\/5829","targetHints":{"allow":["GET"]}}],"collection":[{"href":"https:\/\/trabada.gal\/gl\/wp-json\/wp\/v2\/posts"}],"about":[{"href":"https:\/\/trabada.gal\/gl\/wp-json\/wp\/v2\/types\/post"}],"author":[{"embeddable":true,"href":"https:\/\/trabada.gal\/gl\/wp-json\/wp\/v2\/users\/2"}],"replies":[{"embeddable":true,"href":"https:\/\/trabada.gal\/gl\/wp-json\/wp\/v2\/comments?post=5829"}],"version-history":[{"count":0,"href":"https:\/\/trabada.gal\/gl\/wp-json\/wp\/v2\/posts\/5829\/revisions"}],"wp:featuredmedia":[{"embeddable":true,"href":"https:\/\/trabada.gal\/gl\/wp-json\/wp\/v2\/media\/5830"}],"wp:attachment":[{"href":"https:\/\/trabada.gal\/gl\/wp-json\/wp\/v2\/media?parent=5829"}],"wp:term":[{"taxonomy":"category","embeddable":true,"href":"https:\/\/trabada.gal\/gl\/wp-json\/wp\/v2\/categories?post=5829"},{"taxonomy":"post_tag","embeddable":true,"href":"https:\/\/trabada.gal\/gl\/wp-json\/wp\/v2\/tags?post=5829"}],"curies":[{"name":"wp","href":"https:\/\/api.w.org\/{rel}","templated":true}]}}