{"id":5842,"date":"2021-08-12T14:07:57","date_gmt":"2021-08-12T14:07:57","guid":{"rendered":"https:\/\/trabada.gal\/?p=5842"},"modified":"2021-08-12T14:12:42","modified_gmt":"2021-08-12T14:12:42","slug":"el-ayuntamiento-de-trabada-pone-en-marcha-el-sistema-de-reserva-online-de-la-nueva-pista-de-padel-a-traves-de-la-web-municipal","status":"publish","type":"post","link":"https:\/\/trabada.gal\/gl\/2021\/08\/12\/el-ayuntamiento-de-trabada-pone-en-marcha-el-sistema-de-reserva-online-de-la-nueva-pista-de-padel-a-traves-de-la-web-municipal\/","title":{"rendered":"O CONCELLO DE TRABADA PON EN MARCHA O SISTEMA DE RESERVA ONLINE DA NOVA PISTA DE P\u00c1DEL A TRAV\u00c9S DA WEB MUNICIPAL"},"content":{"rendered":"<div data-elementor-type=\"wp-post\" data-elementor-id=\"5842\" class=\"elementor elementor-5842\">\n\t\t\t\t\t\t<section class=\"elementor-section elementor-top-section elementor-element elementor-element-e635328 elementor-section-boxed elementor-section-height-default elementor-section-height-default\" data-id=\"e635328\" data-element_type=\"section\" data-e-type=\"section\">\n\t\t\t\t\t\t<div class=\"elementor-container elementor-column-gap-default\">\n\t\t\t\t\t<div class=\"elementor-column elementor-col-100 elementor-top-column elementor-element elementor-element-19c9a5b\" data-id=\"19c9a5b\" data-element_type=\"column\" data-e-type=\"column\">\n\t\t\t<div class=\"elementor-widget-wrap elementor-element-populated\">\n\t\t\t\t\t\t<div class=\"elementor-element elementor-element-3a2a738 elementor-widget elementor-widget-text-editor\" data-id=\"3a2a738\" data-element_type=\"widget\" data-e-type=\"widget\" data-widget_type=\"text-editor.default\">\n\t\t\t\t<div class=\"elementor-widget-container\">\n\t\t\t\t\t\t\t\t\t<div class=\"col_b\"><div class=\"textbox\"><div id=\"contenedor\" class=\"textarea unknown\">O Concello de Trabada informa aos seus veci\u00f1os e veci\u00f1as que xa est\u00e1 operativo desde hoxe o sistema de reserva online da pista de p\u00e1del a trav\u00e9s da p\u00e1xina web municipal.<\/div><div>\u00a0<\/div><div class=\"textarea unknown\">O sistema \u00e9 moi sinxelo, xa que tan s\u00f3 \u00e9 necesario entrar no seguinte enlace para reservar a pista de p\u00e1del durante 90 minutos: https:\/\/trabada.gal\/reservas\/?product=pista1<\/div><div>\u00a0<\/div><div class=\"textarea unknown\">A reserva da pista e o pago real\u00edzanse de forma online. Posteriormente, \u00e9 necesario recoller a ficha que abre a porta das instalaci\u00f3ns no Concello de Trabada.<\/div><div>\u00a0<\/div><div class=\"textarea unknown\">A alcaldesa de Trabada, Mayra Garc\u00eda Berm\u00fadez, amosa a s\u00faa satisfacci\u00f3n \u201cpor proporcionar aos veci\u00f1os e veci\u00f1as unha nova instalaci\u00f3n deportiva para a pr\u00e1ctica dun deporte en auxe como \u00e9 o p\u00e1del\u201d.\nA pista est\u00e1 ubicada nas instalaci\u00f3ns do campo de f\u00fatbol municipal, que estaba en desuso porque non cumpr\u00eda as medidas reglamentarias.<\/div><div>\u00a0<\/div><div class=\"textarea unknown\">A pista est\u00e1 ubicada nas instalaci\u00f3ns do campo de f\u00fatbol municipal, que estaba en desuso porque non cumpr\u00eda as medidas reglamentarias.<\/div><div>\u00a0<\/div><div class=\"textarea unknown\">Desde o Concello tam\u00e9n traballan en impulsar e promover m\u00e1is proxectos para este emprazamento, co fin de que contrib\u00faan a mellorar as dotaci\u00f3ns p\u00fablicas municipais e a fomentar os h\u00e1bitos de vida saudables.<\/div><\/div><\/div>\t\t\t\t\t\t\t\t<\/div>\n\t\t\t\t<\/div>\n\t\t\t\t\t<\/div>\n\t\t<\/div>\n\t\t\t\t\t<\/div>\n\t\t<\/section>\n\t\t\t\t<\/div>","protected":false},"excerpt":{"rendered":"<p>El Ayuntamiento de Trabada informa a sus vecinos y vecinas que ya est\u00e1 operativo desde hoy el sistema de reserva online de la pista de p\u00e1del a trav\u00e9s de la p\u00e1gina web municipal.\u00a0El sistema es muy sencillo, ya que tan s\u00f3lo es necesario entrar en el siguiente enlace para reservar la pista de p\u00e1del durante [&hellip;]<\/p>\n","protected":false},"author":2,"featured_media":5843,"comment_status":"closed","ping_status":"closed","sticky":false,"template":"","format":"standard","meta":{"footnotes":""},"categories":[1],"tags":[],"class_list":["post-5842","post","type-post","status-publish","format-standard","has-post-thumbnail","hentry","category-trabada"],"_links":{"self":[{"href":"https:\/\/trabada.gal\/gl\/wp-json\/wp\/v2\/posts\/5842","targetHints":{"allow":["GET"]}}],"collection":[{"href":"https:\/\/trabada.gal\/gl\/wp-json\/wp\/v2\/posts"}],"about":[{"href":"https:\/\/trabada.gal\/gl\/wp-json\/wp\/v2\/types\/post"}],"author":[{"embeddable":true,"href":"https:\/\/trabada.gal\/gl\/wp-json\/wp\/v2\/users\/2"}],"replies":[{"embeddable":true,"href":"https:\/\/trabada.gal\/gl\/wp-json\/wp\/v2\/comments?post=5842"}],"version-history":[{"count":0,"href":"https:\/\/trabada.gal\/gl\/wp-json\/wp\/v2\/posts\/5842\/revisions"}],"wp:featuredmedia":[{"embeddable":true,"href":"https:\/\/trabada.gal\/gl\/wp-json\/wp\/v2\/media\/5843"}],"wp:attachment":[{"href":"https:\/\/trabada.gal\/gl\/wp-json\/wp\/v2\/media?parent=5842"}],"wp:term":[{"taxonomy":"category","embeddable":true,"href":"https:\/\/trabada.gal\/gl\/wp-json\/wp\/v2\/categories?post=5842"},{"taxonomy":"post_tag","embeddable":true,"href":"https:\/\/trabada.gal\/gl\/wp-json\/wp\/v2\/tags?post=5842"}],"curies":[{"name":"wp","href":"https:\/\/api.w.org\/{rel}","templated":true}]}}