{"id":5854,"date":"2021-08-11T12:13:00","date_gmt":"2021-08-11T12:13:00","guid":{"rendered":"https:\/\/trabada.gal\/?p=5854"},"modified":"2021-08-12T14:21:46","modified_gmt":"2021-08-12T14:21:46","slug":"un-peregrino-de-nacionalidad-italiana-andrea-bianchi-primera-persona-que-pernocta-en-el-nuevo-albergue-municipal-del-ayuntamiento-de-trabada","status":"publish","type":"post","link":"https:\/\/trabada.gal\/gl\/2021\/08\/11\/un-peregrino-de-nacionalidad-italiana-andrea-bianchi-primera-persona-que-pernocta-en-el-nuevo-albergue-municipal-del-ayuntamiento-de-trabada\/","title":{"rendered":"UN PEREGRINO DE NACIONALIDADE ITALIANA, ANDREA BIANCHI, PRIMEIRA PERSOA QUE PERNOITA NO NOVO ALBERGUE MUNICIPAL DO CONCELLO DE TRABADA"},"content":{"rendered":"<div data-elementor-type=\"wp-post\" data-elementor-id=\"5854\" class=\"elementor elementor-5854\">\n\t\t\t\t\t\t<section class=\"elementor-section elementor-top-section elementor-element elementor-element-f02251b elementor-section-boxed elementor-section-height-default elementor-section-height-default\" data-id=\"f02251b\" data-element_type=\"section\" data-e-type=\"section\">\n\t\t\t\t\t\t<div class=\"elementor-container elementor-column-gap-default\">\n\t\t\t\t\t<div class=\"elementor-column elementor-col-100 elementor-top-column elementor-element elementor-element-e188a0d\" data-id=\"e188a0d\" data-element_type=\"column\" data-e-type=\"column\">\n\t\t\t<div class=\"elementor-widget-wrap elementor-element-populated\">\n\t\t\t\t\t\t<div class=\"elementor-element elementor-element-060c862 elementor-widget elementor-widget-text-editor\" data-id=\"060c862\" data-element_type=\"widget\" data-e-type=\"widget\" data-widget_type=\"text-editor.default\">\n\t\t\t\t<div class=\"elementor-widget-container\">\n\t\t\t\t\t\t\t\t\t<div class=\"textboxes\"><div class=\"col_b\"><div class=\"textbox\"><div id=\"contenedor\" class=\"textarea unknown\">Andrea Bianchi, de nacionalidade italiana, converteuse no primeiro peregrino en pernoitar no albergue municipal de San Xiao, ubicado na parroquia de Sante no Concello de Trabada.<\/div><div>\u00a0<\/div><div class=\"textarea unknown\">A alcaldesa de Trabada, Mayra Garc\u00eda Berm\u00fadez, e a tenente alcalde, Julia Mar\u00eda Barcia, d\u00e9ronlle esta ma\u00f1\u00e1 a benvida a Andrea Bianchi, procedente de Scandicci (Florencia) e que fai o Cami\u00f1o de Santiago por s\u00e9ptima vez.<\/div><div>\u00a0<\/div><div class=\"textarea unknown\">As obras do albergue lev\u00e1ronse a cabo durante o ano 2019 grazas \u00e1 colaboraci\u00f3n da Deputaci\u00f3n de Lugo, que achegou 46.766,74 euros. Logo de rematalas, o Concello de Trabada realizou o equipamento do mesmo con fondos propios, aprobou a ordenanza que regula a tasa por utilizaci\u00f3n das instalaci\u00f3ns e en novembro do 2020 a Xunta de Galicia autorizou o inicio de actividade.<\/div><div>\u00a0<\/div><div class=\"textarea unknown\">Tendo en conta que a Xunta mantivo pechados ata o pasado 15 de xu\u00f1o os albergues p\u00fablicos pola pandemia e que no Concello de Trabada retomouse unha iniciativa privada, \u201cdecidimos que no momento no que houbera unha demanda que non se cubrira coa iniciativa privada po\u00f1er\u00edamos a disposici\u00f3n dos peregrinos o albergue San Xiao\u201d, explica Mayra Garc\u00eda.<\/div><div>\u00a0<\/div><div class=\"textarea unknown\">As instalaci\u00f3ns contan con sete prazas distribu\u00eddas en tres literas e unha cama accesible para discapacitados, sete taquillas, dous ba\u00f1os con ducha (un deles accesible) e coci\u00f1a-sal\u00f3n con sof\u00e1, lavadora, secadora, frigor\u00edfico e microondas. O servizo de aloxamento por noite ten unha tarifa de 5 euros (un euro para o uso dos servizos sen pernoita).<\/div><div>\u00a0<\/div><div class=\"textarea unknown\">Para durmir no albergue, \u00e9 preciso a reserva cun d\u00eda de antelaci\u00f3n m\u00ednimo chamando ao n\u00famero de tel\u00e9fono do concello 982 135 011. O horario de recepci\u00f3n dos peregrinos \u00e9 desde as 11:00 ata as 15:00 horas. A sa\u00edda do albergue deber\u00e1 efectuarse con anterioridade \u00e1s 8:00 horas.<\/div><div>\u00a0<\/div><div class=\"textarea unknown\">Pola s\u00faa parte, Andrea Bianchi manifestou que \u00e9 \u201cun namorado de Espa\u00f1a\u201d e agradeceu a amabilidade de Yuli, que foi a persoa que se encargou de recibilo e de facilitarlle a s\u00faa estancia no albergue. Felicitou tam\u00e9n ao concello polas instalaci\u00f3ns.<\/div><div>\u00a0<\/div><div class=\"textarea unknown\">A alcaldesa de Trabada recibiuno no Concello antes de continuar o seu Cami\u00f1o, xa que no concello p\u00f3dese selar a Compostela. Mayra Garc\u00eda interesouse pola s\u00faa experiencia no Cami\u00f1o e pola s\u00faa estancia no albergue municipal, traslad\u00e1ndolle os mellores desexos nesta s\u00e9tima vez que recorre a ruta Xacobea. Este ano realizan en solitario o tramo dende Luarca a Santiago de Compostela e despois quere ir ata Mux\u00eda e Fisterra.<\/div><\/div><\/div><\/div><div class=\"buttons\"><div class=\"col_b\">\u00a0<\/div><\/div>\t\t\t\t\t\t\t\t<\/div>\n\t\t\t\t<\/div>\n\t\t\t\t\t<\/div>\n\t\t<\/div>\n\t\t\t\t\t<\/div>\n\t\t<\/section>\n\t\t\t\t<\/div>","protected":false},"excerpt":{"rendered":"<p>Andrea Bianchi, de nacionalidad italiana, se convirti\u00f3 en el primero peregrino en pernoctar en el albergue municipal de San Xiao, ubicado en la parroquia de Sante en el Ayuntamiento de Trabada.&nbsp;La alcaldesa de Trabada, Mayra Garc\u00eda Berm\u00fadez, y la teniente alcalde, Julia Mar\u00eda Barcia, le dieron esta ma\u00f1ana a bienvenida a Andrea Bianchi, procedente de [&hellip;]<\/p>\n","protected":false},"author":2,"featured_media":5859,"comment_status":"closed","ping_status":"closed","sticky":false,"template":"","format":"standard","meta":{"footnotes":""},"categories":[1],"tags":[],"class_list":["post-5854","post","type-post","status-publish","format-standard","has-post-thumbnail","hentry","category-trabada"],"_links":{"self":[{"href":"https:\/\/trabada.gal\/gl\/wp-json\/wp\/v2\/posts\/5854","targetHints":{"allow":["GET"]}}],"collection":[{"href":"https:\/\/trabada.gal\/gl\/wp-json\/wp\/v2\/posts"}],"about":[{"href":"https:\/\/trabada.gal\/gl\/wp-json\/wp\/v2\/types\/post"}],"author":[{"embeddable":true,"href":"https:\/\/trabada.gal\/gl\/wp-json\/wp\/v2\/users\/2"}],"replies":[{"embeddable":true,"href":"https:\/\/trabada.gal\/gl\/wp-json\/wp\/v2\/comments?post=5854"}],"version-history":[{"count":0,"href":"https:\/\/trabada.gal\/gl\/wp-json\/wp\/v2\/posts\/5854\/revisions"}],"wp:featuredmedia":[{"embeddable":true,"href":"https:\/\/trabada.gal\/gl\/wp-json\/wp\/v2\/media\/5859"}],"wp:attachment":[{"href":"https:\/\/trabada.gal\/gl\/wp-json\/wp\/v2\/media?parent=5854"}],"wp:term":[{"taxonomy":"category","embeddable":true,"href":"https:\/\/trabada.gal\/gl\/wp-json\/wp\/v2\/categories?post=5854"},{"taxonomy":"post_tag","embeddable":true,"href":"https:\/\/trabada.gal\/gl\/wp-json\/wp\/v2\/tags?post=5854"}],"curies":[{"name":"wp","href":"https:\/\/api.w.org\/{rel}","templated":true}]}}