{"id":5866,"date":"2021-07-13T14:39:00","date_gmt":"2021-07-13T14:39:00","guid":{"rendered":"https:\/\/trabada.gal\/?p=5866"},"modified":"2021-08-12T15:07:42","modified_gmt":"2021-08-12T15:07:42","slug":"el-ayuntamiento-de-trabada-tendra-una-variada-programacion-cultural-de-verano-con-espectaculos-para-todas-las-edades","status":"publish","type":"post","link":"https:\/\/trabada.gal\/gl\/2021\/07\/13\/el-ayuntamiento-de-trabada-tendra-una-variada-programacion-cultural-de-verano-con-espectaculos-para-todas-las-edades\/","title":{"rendered":"O CONCELLO DE TRABADA TER\u00c1 UNHA VARIADA PROGRAMACI\u00d3N CULTURAL DE VER\u00c1N CON ESPECT\u00c1CULOS PARA TODAS AS IDADES"},"content":{"rendered":"<div data-elementor-type=\"wp-post\" data-elementor-id=\"5866\" class=\"elementor elementor-5866\">\n\t\t\t\t\t\t<section class=\"elementor-section elementor-top-section elementor-element elementor-element-c26d4a6 elementor-section-boxed elementor-section-height-default elementor-section-height-default\" data-id=\"c26d4a6\" data-element_type=\"section\" data-e-type=\"section\">\n\t\t\t\t\t\t<div class=\"elementor-container elementor-column-gap-default\">\n\t\t\t\t\t<div class=\"elementor-column elementor-col-100 elementor-top-column elementor-element elementor-element-aca656d\" data-id=\"aca656d\" data-element_type=\"column\" data-e-type=\"column\">\n\t\t\t<div class=\"elementor-widget-wrap elementor-element-populated\">\n\t\t\t\t\t\t<div class=\"elementor-element elementor-element-2d6f748 elementor-widget elementor-widget-text-editor\" data-id=\"2d6f748\" data-element_type=\"widget\" data-e-type=\"widget\" data-widget_type=\"text-editor.default\">\n\t\t\t\t<div class=\"elementor-widget-container\">\n\t\t\t\t\t\t\t\t\t<div class=\"col_b\"><div class=\"textbox\"><div id=\"contenedor\" class=\"textarea unknown\">A alcaldesa de Trabada, Mayra Garc\u00eda Berm\u00fadez, aproveitou hoxe a s\u00faa visita aos nenos e nenas que participan no campamento de ver\u00e1n para anunciar a programaci\u00f3n cultural, que durante as pr\u00f3ximas semanas levar\u00e1 ao concello espect\u00e1culos para todas as idades.<\/div><div>\u00a0<\/div><div class=\"textarea unknown\">A propia alcaldesa tramitou unha nova subvenci\u00f3n da Xunta de Galicia que se aprobaba por orde de entrada das solicitudes, \u00e1s doce da noite, para que os espect\u00e1culos do programa \u2018Cultura no Cami\u00f1o\u2019 cheguen a Trabada. O concello aportar\u00e1 1.580 euros e a Xunta 6.000 euros.<\/div><div>\u00a0<\/div><div class=\"textarea unknown\">\u2018Cultura no Cami\u00f1o\u2019 \u00e9 un programa financiado por Agadic e Agatur que se celebra nos concellos gallegos polos que pasa algunha das rutas reco\u00f1ecidas.<\/div><div>\u00a0<\/div><div class=\"textarea unknown\">A praza do Concello de Trabada ser\u00e1 o escenario de varios espect\u00e1culos de m\u00fasica, teatro, danza, maxia e novo circo (o primeiro deles o 28 de xullo e o \u00faltimo o 31 de agosto). Ampliarase a informaci\u00f3n nas pr\u00f3ximas datas.<\/div><div>\u00a0<\/div><div class=\"textarea unknown\">Por outra parte, de cara aos festivos locais deste ano, o Concello de Trabada organizar\u00e1 durante os d\u00edas 14, 15 e 16 de agosto dous concertos musicais ao mediod\u00eda e d\u00faas proxecci\u00f3ns de pel\u00edculas pola noite na praza do Concello.<\/div><div>\u00a0<\/div><div class=\"textarea unknown\">\u201cEn Trabada apostamos pola cultura segura, con espect\u00e1culos ao aire libre para un p\u00fablico familiar e cumprindo con todos os protocolos Covid-19\u201d, asegura Mayra Garc\u00eda<\/div><div>\u00a0<\/div><div class=\"textarea unknown\">A alcaldesa de Trabada estivo hoxe cos 24 nenos e nenas que participan nos Campamentos Urbanos de Ver\u00e1n 2021, unha iniciativa que ten como obxectivo prioritario axudar \u00e1s familias a conciliar a vida persoal e laboral.<\/div><\/div><\/div>\t\t\t\t\t\t\t\t<\/div>\n\t\t\t\t<\/div>\n\t\t\t\t\t<\/div>\n\t\t<\/div>\n\t\t\t\t\t<\/div>\n\t\t<\/section>\n\t\t\t\t<\/div>","protected":false},"excerpt":{"rendered":"<p>A alcaldesa de Trabada, Mayra Garc\u00eda Berm\u00fadez, aprovech\u00f3 hoy su visita a los ni\u00f1os y ni\u00f1as que participan en el campamento de verano para anunciar la programaci\u00f3n cultural, que durante las pr\u00f3ximas semanas llevar\u00e1 al ayuntamiento espect\u00e1culos para todas las edades.&nbsp;La propia alcaldesa tramit\u00f3 una nueva subvenci\u00f3n de la Xunta de Galicia que se aprobaba [&hellip;]<\/p>\n","protected":false},"author":2,"featured_media":5867,"comment_status":"closed","ping_status":"closed","sticky":false,"template":"","format":"standard","meta":{"footnotes":""},"categories":[1],"tags":[],"class_list":["post-5866","post","type-post","status-publish","format-standard","has-post-thumbnail","hentry","category-trabada"],"_links":{"self":[{"href":"https:\/\/trabada.gal\/gl\/wp-json\/wp\/v2\/posts\/5866","targetHints":{"allow":["GET"]}}],"collection":[{"href":"https:\/\/trabada.gal\/gl\/wp-json\/wp\/v2\/posts"}],"about":[{"href":"https:\/\/trabada.gal\/gl\/wp-json\/wp\/v2\/types\/post"}],"author":[{"embeddable":true,"href":"https:\/\/trabada.gal\/gl\/wp-json\/wp\/v2\/users\/2"}],"replies":[{"embeddable":true,"href":"https:\/\/trabada.gal\/gl\/wp-json\/wp\/v2\/comments?post=5866"}],"version-history":[{"count":0,"href":"https:\/\/trabada.gal\/gl\/wp-json\/wp\/v2\/posts\/5866\/revisions"}],"wp:featuredmedia":[{"embeddable":true,"href":"https:\/\/trabada.gal\/gl\/wp-json\/wp\/v2\/media\/5867"}],"wp:attachment":[{"href":"https:\/\/trabada.gal\/gl\/wp-json\/wp\/v2\/media?parent=5866"}],"wp:term":[{"taxonomy":"category","embeddable":true,"href":"https:\/\/trabada.gal\/gl\/wp-json\/wp\/v2\/categories?post=5866"},{"taxonomy":"post_tag","embeddable":true,"href":"https:\/\/trabada.gal\/gl\/wp-json\/wp\/v2\/tags?post=5866"}],"curies":[{"name":"wp","href":"https:\/\/api.w.org\/{rel}","templated":true}]}}