{"id":5872,"date":"2021-07-01T14:45:00","date_gmt":"2021-07-01T14:45:00","guid":{"rendered":"https:\/\/trabada.gal\/?p=5872"},"modified":"2021-08-12T15:00:29","modified_gmt":"2021-08-12T15:00:29","slug":"os-24-nenos-e-nenas-que-participan-desde-hoxe-nos-campamentos-de-veran-do-concello-de-trabada-poderan-ir-tamen-a-cursos-de-natacion-dous-dias-a-semana","status":"publish","type":"post","link":"https:\/\/trabada.gal\/gl\/2021\/07\/01\/os-24-nenos-e-nenas-que-participan-desde-hoxe-nos-campamentos-de-veran-do-concello-de-trabada-poderan-ir-tamen-a-cursos-de-natacion-dous-dias-a-semana\/","title":{"rendered":"OS 24 NENOS E NENAS QUE PARTICIPAN DESDE HOXE NOS CAMPAMENTOS DE VER\u00c1N DO CONCELLO DE TRABADA PODER\u00c1N IR TAM\u00c9N A CURSOS DE NATACI\u00d3N DOUS D\u00cdAS \u00c1 SEMANA"},"content":{"rendered":"<div data-elementor-type=\"wp-post\" data-elementor-id=\"5872\" class=\"elementor elementor-5872\">\n\t\t\t\t\t\t<section class=\"elementor-section elementor-top-section elementor-element elementor-element-95fdcc6 elementor-section-boxed elementor-section-height-default elementor-section-height-default\" data-id=\"95fdcc6\" data-element_type=\"section\" data-e-type=\"section\">\n\t\t\t\t\t\t<div class=\"elementor-container elementor-column-gap-default\">\n\t\t\t\t\t<div class=\"elementor-column elementor-col-100 elementor-top-column elementor-element elementor-element-ded168e\" data-id=\"ded168e\" data-element_type=\"column\" data-e-type=\"column\">\n\t\t\t<div class=\"elementor-widget-wrap elementor-element-populated\">\n\t\t\t\t\t\t<div class=\"elementor-element elementor-element-3c6be2e elementor-widget elementor-widget-text-editor\" data-id=\"3c6be2e\" data-element_type=\"widget\" data-e-type=\"widget\" data-widget_type=\"text-editor.default\">\n\t\t\t\t<div class=\"elementor-widget-container\">\n\t\t\t\t\t\t\t\t\t<p>O Concello de Trabada puxo esta ma\u00f1\u00e1 en marcha os seus Campamentos Urbanos de Ver\u00e1n 2021, unha iniciativa que ten como obxectivo prioritario axudar \u00e1s familias a conciliar a vida persoal e laboral.<\/p><p>Un total de 24 nenos e nenas participan nestes campamentos e poder\u00e1n ir ademais aos cursos de nataci\u00f3n que dar\u00e1n comezo a pr\u00f3xima semana, en concreto os luns e os mercores de 13 a 14 horas. O Concello de Trabada ofrece tam\u00e9n estes cursos de forma gratu\u00edta aos adultos os martes e xoves de 12 a 13 horas (para inscrici\u00f3ns, p\u00f3dese chamar ao concello, 982 - 13 50 11).<\/p><p>Os campamentos de ver\u00e1n para nenos e nenas favorecen a conciliaci\u00f3n das familias de Trabada e das persoas que traballan en Trabada ou te\u00f1en familia no concello, coa finalidade de prestar un servicio que d\u00e9 maior cobertura \u00e1s familias<\/p><p>\u201cPara as familias nas que os proxenitores traballan, \u00e9 moi importante contar con este servizo de atenci\u00f3n e coidado aos menores, compatibilizando desta maneira o per\u00edodo non lectivo coa xornada laboral\u201d, lembra a alcaldesa de Trabada, Mayra Garc\u00eda.<\/p><p>Os campamentos cumpren e aplican todos os protocolos e recomendaci\u00f3ns Covid-19, aproveitando os espazos ao aire libre.<\/p><p>O servizo prestarase ata a primeira semana de setembro, con actividades de ocio e ocupaci\u00f3n do tempo de lecer baseadas nos principios da educaci\u00f3n non formal, en horario de 10.00 a 14.00 horas.<\/p>\t\t\t\t\t\t\t\t<\/div>\n\t\t\t\t<\/div>\n\t\t\t\t\t<\/div>\n\t\t<\/div>\n\t\t\t\t\t<\/div>\n\t\t<\/section>\n\t\t\t\t<\/div>","protected":false},"excerpt":{"rendered":"<p>El Ayuntamiento de Trabada puso esta ma\u00f1ana en marcha sus Campamentos Urbanos de Verano 2021, una iniciativa que tiene como objetivo prioritario ayudar a las familias a conciliar la vida personal y laboral. Un total de 24 ni\u00f1os y ni\u00f1as participan en estos campamentos y podr\u00e1n ir adem\u00e1s a los cursos de nataci\u00f3n que dar\u00e1n [&hellip;]<\/p>\n","protected":false},"author":2,"featured_media":5873,"comment_status":"closed","ping_status":"closed","sticky":false,"template":"","format":"standard","meta":{"footnotes":""},"categories":[1],"tags":[],"class_list":["post-5872","post","type-post","status-publish","format-standard","has-post-thumbnail","hentry","category-trabada"],"_links":{"self":[{"href":"https:\/\/trabada.gal\/gl\/wp-json\/wp\/v2\/posts\/5872","targetHints":{"allow":["GET"]}}],"collection":[{"href":"https:\/\/trabada.gal\/gl\/wp-json\/wp\/v2\/posts"}],"about":[{"href":"https:\/\/trabada.gal\/gl\/wp-json\/wp\/v2\/types\/post"}],"author":[{"embeddable":true,"href":"https:\/\/trabada.gal\/gl\/wp-json\/wp\/v2\/users\/2"}],"replies":[{"embeddable":true,"href":"https:\/\/trabada.gal\/gl\/wp-json\/wp\/v2\/comments?post=5872"}],"version-history":[{"count":0,"href":"https:\/\/trabada.gal\/gl\/wp-json\/wp\/v2\/posts\/5872\/revisions"}],"wp:featuredmedia":[{"embeddable":true,"href":"https:\/\/trabada.gal\/gl\/wp-json\/wp\/v2\/media\/5873"}],"wp:attachment":[{"href":"https:\/\/trabada.gal\/gl\/wp-json\/wp\/v2\/media?parent=5872"}],"wp:term":[{"taxonomy":"category","embeddable":true,"href":"https:\/\/trabada.gal\/gl\/wp-json\/wp\/v2\/categories?post=5872"},{"taxonomy":"post_tag","embeddable":true,"href":"https:\/\/trabada.gal\/gl\/wp-json\/wp\/v2\/tags?post=5872"}],"curies":[{"name":"wp","href":"https:\/\/api.w.org\/{rel}","templated":true}]}}