{"id":5891,"date":"2021-09-24T14:07:40","date_gmt":"2021-09-24T14:07:40","guid":{"rendered":"https:\/\/trabada.gal\/?p=5891"},"modified":"2021-09-24T14:07:41","modified_gmt":"2021-09-24T14:07:41","slug":"o-concello-solicita-duas-subvencions-para-renovar-a-fachada-da-camara-agraria-e-instalar-iluminacion-no-aparcadoiro-de-autocaravanas","status":"publish","type":"post","link":"https:\/\/trabada.gal\/gl\/2021\/09\/24\/o-concello-solicita-duas-subvencions-para-renovar-a-fachada-da-camara-agraria-e-instalar-iluminacion-no-aparcadoiro-de-autocaravanas\/","title":{"rendered":"O CONCELLO SOLICITA D\u00daAS SUBVENCI\u00d3NS PARA RENOVAR A FACHADA DA C\u00c1MARA AGRARIA E INSTALAR ILUMINACI\u00d3N NO APARCADOIRO DE AUTOCARAVANAS"},"content":{"rendered":"<p>O Concello de Trabada solicitou d\u00faas subvenci\u00f3ns \u00e1 Xunta de Galicia para a renovaci\u00f3n do acabado exterior da fachada da C\u00e1mara Agraria e a instalaci\u00f3n de iluminaci\u00f3n ornamental no acceso e no aparcadoiro de autocaravanas.<\/p>\n\n\n\n<p>Unha vez m\u00e1is, a Xunta de Galicia convocou unhas axudas que se conceden por orde de chegada das solicitudes e non por concorrencia competitiva, abrindo ademais o prazo de solicitudes \u00e1s doce da noite dun venres.<\/p>\n\n\n\n<p>Mayra Garc\u00eda Berm\u00fadez, alcaldesa de Trabada, tramitou persoalmente as d\u00faas subvenci\u00f3ns e logrou presentar as solicitudes \u00e1s 00.03 horas. \u201cSon eu mesma a que se encarga de facelo, porque te\u00f1o a formaci\u00f3n suficiente e ademais evito que sexan os empregados municipais os que te\u00f1an que facelo fora do seu horario laboral e na fin de semana\u201d, explica.<\/p>\n\n\n\n<p>\u201cEstou convencida de que iso non sucede na maior\u00eda dos concellos de Galicia, e que son os propios empregados p\u00fablicos os que est\u00e1n sometidos ao estr\u00e9s de tramitar as axudas no menor tempo posible, porque en cuesti\u00f3n de minutos esg\u00f3tase o cr\u00e9dito orzamentario con este procedemento elixido pola Xunta de Galicia\u201d, engade.<\/p>\n\n\n\n<p>O obxectivo da actuaci\u00f3n na C\u00e1mara Agraria \u00e9 protexer a edificaci\u00f3n, evitar o seu deterioro e mellorar a calidade da paisaxe rural corrixindo os impactos paisax\u00edsticos qe ocasiona, tendo en conta o establecido no artigo 39 da Lei 2\/2016 do Solo de Galicia, no que se sinala que os materiais e cores das edificaci\u00f3ns ser\u00e1n acordes coa paisaxe rural e as construcci\u00f3n do entorno.<\/p>\n\n\n\n<p>As tarefas consistir\u00e1n polo tanto na limpeza e reparaci\u00f3n das zonas con humidade e mofo, as\u00ed como na pintura das catro fachadas mediante pintura pl\u00e1stica lisa coa combinaci\u00f3n de cores inclu\u00eddas no cat\u00e1logo de \u2018A Mari\u00f1a e o baixo Eo\u2019, coas mesmas cores que se utilizaron para pintar a antiga escola e vivienda de Mestres, recentemente convertida en museo etnogr\u00e1fico. O concello solicitou \u00e1 Xunta unha axuda de 17.500 euros.<\/p>\n\n\n\n<p>No caso do aparcadoiro de autocaravanas, e despois da elevada ocupaci\u00f3n durante o ver\u00e1n, \u201cqueremos seguir mellorando esta dotaci\u00f3n e o que pretendemos facer agora \u00e9 instalar unha iluminaci\u00f3n ornamental que permita aos turistas disfrutar do espazo, xa que adem\u00e1is da zona de aparcadoiro e de vaciado de augas conta cunha zona de picnic que tam\u00e9n valoran moit\u00edsimo os usuarios, pola comodidade que sup\u00f3n non ter que sacar e colocar as mesas e as sillas para comer\u201d.<\/p>\n\n\n\n<p>O concello xustifica a s\u00faa necesidade de forma inmediata dado que agora remata o ver\u00e1n e, ao disminu\u00edr as hora de luz, a iluminaci\u00f3n \u00e9 fundamental para que os visitantes poidan dispo\u00f1er dos servicios da mesma a partir das 18 horas.<\/p>","protected":false},"excerpt":{"rendered":"<p>O Concello de Trabada solicitou d\u00faas subvenci\u00f3ns \u00e1 Xunta de Galicia para a renovaci\u00f3n do acabado exterior da fachada da C\u00e1mara Agraria e a instalaci\u00f3n de iluminaci\u00f3n ornamental no acceso e no aparcadoiro de autocaravanas. Unha vez m\u00e1is, a Xunta de Galicia convocou unhas axudas que se conceden por orde de chegada das solicitudes e [&hellip;]<\/p>\n","protected":false},"author":2,"featured_media":5892,"comment_status":"closed","ping_status":"closed","sticky":false,"template":"","format":"standard","meta":{"footnotes":""},"categories":[1],"tags":[],"class_list":["post-5891","post","type-post","status-publish","format-standard","has-post-thumbnail","hentry","category-trabada"],"_links":{"self":[{"href":"https:\/\/trabada.gal\/gl\/wp-json\/wp\/v2\/posts\/5891","targetHints":{"allow":["GET"]}}],"collection":[{"href":"https:\/\/trabada.gal\/gl\/wp-json\/wp\/v2\/posts"}],"about":[{"href":"https:\/\/trabada.gal\/gl\/wp-json\/wp\/v2\/types\/post"}],"author":[{"embeddable":true,"href":"https:\/\/trabada.gal\/gl\/wp-json\/wp\/v2\/users\/2"}],"replies":[{"embeddable":true,"href":"https:\/\/trabada.gal\/gl\/wp-json\/wp\/v2\/comments?post=5891"}],"version-history":[{"count":0,"href":"https:\/\/trabada.gal\/gl\/wp-json\/wp\/v2\/posts\/5891\/revisions"}],"wp:featuredmedia":[{"embeddable":true,"href":"https:\/\/trabada.gal\/gl\/wp-json\/wp\/v2\/media\/5892"}],"wp:attachment":[{"href":"https:\/\/trabada.gal\/gl\/wp-json\/wp\/v2\/media?parent=5891"}],"wp:term":[{"taxonomy":"category","embeddable":true,"href":"https:\/\/trabada.gal\/gl\/wp-json\/wp\/v2\/categories?post=5891"},{"taxonomy":"post_tag","embeddable":true,"href":"https:\/\/trabada.gal\/gl\/wp-json\/wp\/v2\/tags?post=5891"}],"curies":[{"name":"wp","href":"https:\/\/api.w.org\/{rel}","templated":true}]}}