{"id":5895,"date":"2021-09-29T11:53:39","date_gmt":"2021-09-29T11:53:39","guid":{"rendered":"https:\/\/trabada.gal\/?p=5895"},"modified":"2021-09-29T11:53:40","modified_gmt":"2021-09-29T11:53:40","slug":"remata-a-reconstrucion-da-ponte-de-paxarin-para-mellorar-a-seguridade-viaria-na-zona","status":"publish","type":"post","link":"https:\/\/trabada.gal\/gl\/2021\/09\/29\/remata-a-reconstrucion-da-ponte-de-paxarin-para-mellorar-a-seguridade-viaria-na-zona\/","title":{"rendered":"REMATA A RECONSTRUCI\u00d3N DA PONTE DE PAXAR\u00cdN PARA MELLORAR A SEGURIDADE VIARIA NA ZONA"},"content":{"rendered":"<p>O Concello de Trabada informa aos seus veci\u00f1os e veci\u00f1as do remate das obras de reconstruci\u00f3n da ponte de Paxar\u00edn, deixando atr\u00e1s desta forma os problemas que se ocasionaban nos meses de maiores precipitaci\u00f3ns de auga.<\/p>\n\n\n\n<p>\u201cA ponte levaba en mal estado moitos anos e nos invernos a auga avanzaba por enriba impedindo o acceso de veh\u00edculos e persoas, polo que consideramos prioritario proceder \u00e1 s\u00faa rehabilitaci\u00f3n\u201d, afirma a alcaldesa de Trabada, Mayra Garc\u00eda Berm\u00fadez.<\/p>\n\n\n\n<p>Ademais dos problemas provocados pola choiva, a ponte de Paxar\u00edn estaba desprend\u00e9ndose nos laterais, o que imped\u00eda garantir a seguridade viaria. A actuaci\u00f3n realizouse coa colaboraci\u00f3n da Deputaci\u00f3n Provincial de Lugo, que fixo unha achega de 24.542,65 euros.<\/p>\n\n\n\n<p>O proxecto ti\u00f1a como obxectivo a reconstruci\u00f3n integral da ponte, que salva o Rego de Vilapercide e est\u00e1 situada no cami\u00f1o de acceso ao n\u00facleo de Mozandeo, desde a carretera LU-P-5506.<\/p>\n\n\n\n<p>Os traballos consistiron na construci\u00f3n dun marco de formig\u00f3n armado, renovando a pavimentaci\u00f3n da ponte e dos accesos. Incrementouse ademais a capacidade de desag\u00fce da zona, co obxectivo de rematar cos problemas de inundaci\u00f3ns.<\/p>\n\n\n\n<p>\u201cCon estas obras damos resposta a unha demanda veci\u00f1al e continuamos co noso plan de mellora continua dos servizos e infraestruturas p\u00fablicas de Trabada\u201d, engade a alcaldesa.<\/p>","protected":false},"excerpt":{"rendered":"<p>O Concello de Trabada informa aos seus veci\u00f1os e veci\u00f1as do remate das obras de reconstruci\u00f3n da ponte de Paxar\u00edn, deixando atr\u00e1s desta forma os problemas que se ocasionaban nos meses de maiores precipitaci\u00f3ns de auga. \u201cA ponte levaba en mal estado moitos anos e nos invernos a auga avanzaba por enriba impedindo o acceso [&hellip;]<\/p>\n","protected":false},"author":2,"featured_media":5896,"comment_status":"closed","ping_status":"closed","sticky":false,"template":"","format":"standard","meta":{"footnotes":""},"categories":[1],"tags":[],"class_list":["post-5895","post","type-post","status-publish","format-standard","has-post-thumbnail","hentry","category-trabada"],"_links":{"self":[{"href":"https:\/\/trabada.gal\/gl\/wp-json\/wp\/v2\/posts\/5895","targetHints":{"allow":["GET"]}}],"collection":[{"href":"https:\/\/trabada.gal\/gl\/wp-json\/wp\/v2\/posts"}],"about":[{"href":"https:\/\/trabada.gal\/gl\/wp-json\/wp\/v2\/types\/post"}],"author":[{"embeddable":true,"href":"https:\/\/trabada.gal\/gl\/wp-json\/wp\/v2\/users\/2"}],"replies":[{"embeddable":true,"href":"https:\/\/trabada.gal\/gl\/wp-json\/wp\/v2\/comments?post=5895"}],"version-history":[{"count":0,"href":"https:\/\/trabada.gal\/gl\/wp-json\/wp\/v2\/posts\/5895\/revisions"}],"wp:featuredmedia":[{"embeddable":true,"href":"https:\/\/trabada.gal\/gl\/wp-json\/wp\/v2\/media\/5896"}],"wp:attachment":[{"href":"https:\/\/trabada.gal\/gl\/wp-json\/wp\/v2\/media?parent=5895"}],"wp:term":[{"taxonomy":"category","embeddable":true,"href":"https:\/\/trabada.gal\/gl\/wp-json\/wp\/v2\/categories?post=5895"},{"taxonomy":"post_tag","embeddable":true,"href":"https:\/\/trabada.gal\/gl\/wp-json\/wp\/v2\/tags?post=5895"}],"curies":[{"name":"wp","href":"https:\/\/api.w.org\/{rel}","templated":true}]}}