{"id":5898,"date":"2021-10-01T12:14:45","date_gmt":"2021-10-01T12:14:45","guid":{"rendered":"https:\/\/trabada.gal\/?p=5898"},"modified":"2021-10-01T12:14:46","modified_gmt":"2021-10-01T12:14:46","slug":"renovacion-dos-viais-que-dan-acceso-aos-nucleos-de-portela-a-veiga-desde-a-lu-p-6102-e-de-vilapercide-a-cabana","status":"publish","type":"post","link":"https:\/\/trabada.gal\/gl\/2021\/10\/01\/renovacion-dos-viais-que-dan-acceso-aos-nucleos-de-portela-a-veiga-desde-a-lu-p-6102-e-de-vilapercide-a-cabana\/","title":{"rendered":"RENOVACI\u00d3N DOS VIAIS QUE DAN ACCESO AOS N\u00daCLEOS DE PORTELA, A VEIGA DESDE A LU-P-6102, E DE VILAPERCIDE A CABANA"},"content":{"rendered":"<p>O Concello de Trabada informa aos seus veci\u00f1os e veci\u00f1as do remate das obras de mellora nos accesos de Vilapercide a Cabana, e ao n\u00facleo da Veiga desde a estrada LU-P-6102.<\/p>\n\n\n\n<p>Ademais, queda pendente unha terceira actuaci\u00f3n, no tramo que da acceso ao n\u00facleo de Portela, debido a que se estiveron realizando tarefas de saca de madeira na zona, pero os traballos levaranse a cabo este mes de outubro se as condici\u00f3ns meteorol\u00f3xicas o permiten.<\/p>\n\n\n\n<p>\u201cDesde o concello, impulsamos de forma continua melloras na rede de comunicaci\u00f3n das parroquias, neste caso tres viais moi utilizados polos veci\u00f1os que quedan totalmente renovados\u201d, explica a alcaldesa de Trabada, Mayra Garc\u00eda Berm\u00fadez.<\/p>\n\n\n\n<p>As obras est\u00e1n cofinanciadas pola Axencia Galega de Desenvolvemento Rural (Agader), que fai unha achega de 43.591 euros en d\u00faas anualidades (21.795,50 euros no 2021 e 21.795,50 euros no 2022), mentres que o Concello de Trabada fai unha achega de 9.473,34 euros.<\/p>\n\n\n\n<p>\u201cCon esta actuaci\u00f3n arranxamos m\u00e1is de tres quil\u00f3metros de viais municipais, cunha limpeza de cunetas e un tratamento de rego asf\u00e1ltico, xa que se trata de tramos cunha anchura de entre 3 e 3,5 metros de ancho\u201d, engade a alcaldesa.<\/p>\n\n\n\n<p>No caso do cami\u00f1o que da acceso a Portela, de m\u00e1is de 500 metros, mellorarase nas pr\u00f3ximas semanas o pavimento, pois as cunetas xa se limparon para facilitar a circulaci\u00f3n de auga, unha actuaci\u00f3n moi similar \u00e1 realizada entre os n\u00facleos de Vilapercide e Cabana (1.870 metros), e no acceso \u00e1 Veiga desde a LU-P-6102 (640 metros).<\/p>","protected":false},"excerpt":{"rendered":"<p>O Concello de Trabada informa aos seus veci\u00f1os e veci\u00f1as do remate das obras de mellora nos accesos de Vilapercide a Cabana, e ao n\u00facleo da Veiga desde a estrada LU-P-6102. Ademais, queda pendente unha terceira actuaci\u00f3n, no tramo que da acceso ao n\u00facleo de Portela, debido a que se estiveron realizando tarefas de saca [&hellip;]<\/p>\n","protected":false},"author":2,"featured_media":5899,"comment_status":"closed","ping_status":"closed","sticky":false,"template":"","format":"standard","meta":{"footnotes":""},"categories":[1],"tags":[],"class_list":["post-5898","post","type-post","status-publish","format-standard","has-post-thumbnail","hentry","category-trabada"],"_links":{"self":[{"href":"https:\/\/trabada.gal\/gl\/wp-json\/wp\/v2\/posts\/5898","targetHints":{"allow":["GET"]}}],"collection":[{"href":"https:\/\/trabada.gal\/gl\/wp-json\/wp\/v2\/posts"}],"about":[{"href":"https:\/\/trabada.gal\/gl\/wp-json\/wp\/v2\/types\/post"}],"author":[{"embeddable":true,"href":"https:\/\/trabada.gal\/gl\/wp-json\/wp\/v2\/users\/2"}],"replies":[{"embeddable":true,"href":"https:\/\/trabada.gal\/gl\/wp-json\/wp\/v2\/comments?post=5898"}],"version-history":[{"count":0,"href":"https:\/\/trabada.gal\/gl\/wp-json\/wp\/v2\/posts\/5898\/revisions"}],"wp:featuredmedia":[{"embeddable":true,"href":"https:\/\/trabada.gal\/gl\/wp-json\/wp\/v2\/media\/5899"}],"wp:attachment":[{"href":"https:\/\/trabada.gal\/gl\/wp-json\/wp\/v2\/media?parent=5898"}],"wp:term":[{"taxonomy":"category","embeddable":true,"href":"https:\/\/trabada.gal\/gl\/wp-json\/wp\/v2\/categories?post=5898"},{"taxonomy":"post_tag","embeddable":true,"href":"https:\/\/trabada.gal\/gl\/wp-json\/wp\/v2\/tags?post=5898"}],"curies":[{"name":"wp","href":"https:\/\/api.w.org\/{rel}","templated":true}]}}