{"id":5903,"date":"2021-10-09T09:02:31","date_gmt":"2021-10-09T09:02:31","guid":{"rendered":"https:\/\/trabada.gal\/?p=5903"},"modified":"2021-10-09T09:02:32","modified_gmt":"2021-10-09T09:02:32","slug":"trabada-consigue-unha-subvencion-da-xunta-para-instalar-iluminacion-ornamental-no-aparcadoiro","status":"publish","type":"post","link":"https:\/\/trabada.gal\/gl\/2021\/10\/09\/trabada-consigue-unha-subvencion-da-xunta-para-instalar-iluminacion-ornamental-no-aparcadoiro\/","title":{"rendered":"TRABADA CONSIGUE UNHA SUBVENCI\u00d3N DA XUNTA PARA INSTALAR ILUMINACI\u00d3N ORNAMENTAL NO APARCADOIRO"},"content":{"rendered":"<p>O Concello de Trabada conseguiu unha subvenci\u00f3n de 30.000 euros para a instalaci\u00f3n de iluminaci\u00f3n ornamental no acceso e no aparcadoiro de&nbsp;autocaravanas.<\/p>\n\n\n\n<p>Unha vez m\u00e1is, a Xunta de Galicia convocou unhas axudas&nbsp;que se conceden por orde de chegada das solicitudes e non por concorrencia competitiva, abrindo ademais o prazo de solicitudes \u00e1s doce da noite.<\/p>\n\n\n\n<p>Mayra Garc\u00eda Berm\u00fadez, alcaldesa de Trabada, tramitou persoalmente a subvenci\u00f3n e logrou presentar a solicitude \u00e1s 00.03 horas.&nbsp;\u201cSon eu mesma a que se encarga de facelo, porque te\u00f1o a formaci\u00f3n suficiente e ademais evito que sexan os empregados municipais os que te\u00f1an que facelo fora do seu horario laboral e na finde semana\u201d, explica.<\/p>\n\n\n\n<p>Despois da elevada ocupaci\u00f3n rexistrada durante o ver\u00e1n no apacadoiro de autocaravanas, \u201cqueremos seguir mellorando esta dotaci\u00f3n e o que faremos agora \u00e9 instalar unha iluminaci\u00f3n ornamental que permita aos turistas disfrutar do espazo, xa que adem\u00e1is da zona de aparcadoiro e de vaciado de augas conta cunha zona de picnic que tam\u00e9n valoran moit\u00edsimo os usuarios, pola comodidade que sup\u00f3n non ter que sacar e colocar as mesas e as sillas para comer\u201d.<\/p>\n\n\n\n<p>Nos meses de outono e inverno, a iluminaci\u00f3n \u00e9 fundamental para que os visitantes poidan dispo\u00f1er dos servicios do aparcadoiro a partir das 18:00 horas.<\/p>","protected":false},"excerpt":{"rendered":"<p>O Concello de Trabada conseguiu unha subvenci\u00f3n de 30.000 euros para a instalaci\u00f3n de iluminaci\u00f3n ornamental no acceso e no aparcadoiro de&nbsp;autocaravanas. Unha vez m\u00e1is, a Xunta de Galicia convocou unhas axudas&nbsp;que se conceden por orde de chegada das solicitudes e non por concorrencia competitiva, abrindo ademais o prazo de solicitudes \u00e1s doce da noite. [&hellip;]<\/p>\n","protected":false},"author":2,"featured_media":5904,"comment_status":"closed","ping_status":"closed","sticky":false,"template":"","format":"standard","meta":{"footnotes":""},"categories":[1],"tags":[],"class_list":["post-5903","post","type-post","status-publish","format-standard","has-post-thumbnail","hentry","category-trabada"],"_links":{"self":[{"href":"https:\/\/trabada.gal\/gl\/wp-json\/wp\/v2\/posts\/5903","targetHints":{"allow":["GET"]}}],"collection":[{"href":"https:\/\/trabada.gal\/gl\/wp-json\/wp\/v2\/posts"}],"about":[{"href":"https:\/\/trabada.gal\/gl\/wp-json\/wp\/v2\/types\/post"}],"author":[{"embeddable":true,"href":"https:\/\/trabada.gal\/gl\/wp-json\/wp\/v2\/users\/2"}],"replies":[{"embeddable":true,"href":"https:\/\/trabada.gal\/gl\/wp-json\/wp\/v2\/comments?post=5903"}],"version-history":[{"count":0,"href":"https:\/\/trabada.gal\/gl\/wp-json\/wp\/v2\/posts\/5903\/revisions"}],"wp:featuredmedia":[{"embeddable":true,"href":"https:\/\/trabada.gal\/gl\/wp-json\/wp\/v2\/media\/5904"}],"wp:attachment":[{"href":"https:\/\/trabada.gal\/gl\/wp-json\/wp\/v2\/media?parent=5903"}],"wp:term":[{"taxonomy":"category","embeddable":true,"href":"https:\/\/trabada.gal\/gl\/wp-json\/wp\/v2\/categories?post=5903"},{"taxonomy":"post_tag","embeddable":true,"href":"https:\/\/trabada.gal\/gl\/wp-json\/wp\/v2\/tags?post=5903"}],"curies":[{"name":"wp","href":"https:\/\/api.w.org\/{rel}","templated":true}]}}