{"id":5907,"date":"2021-10-15T13:52:07","date_gmt":"2021-10-15T13:52:07","guid":{"rendered":"https:\/\/trabada.gal\/?p=5907"},"modified":"2021-10-15T13:52:08","modified_gmt":"2021-10-15T13:52:08","slug":"o-concello-retoma-saude-para-promover-a-autonomia-dos-maiores-e-mellorar-a-sua-calidade-de-vida","status":"publish","type":"post","link":"https:\/\/trabada.gal\/gl\/2021\/10\/15\/o-concello-retoma-saude-para-promover-a-autonomia-dos-maiores-e-mellorar-a-sua-calidade-de-vida\/","title":{"rendered":"O CONCELLO RETOMA \u2018+SA\u00daDE\u2019 PARA PROMOVER A AUTONOM\u00cdA DOS MAIORES E MELLORAR A S\u00daA CALIDADE DE VIDA"},"content":{"rendered":"<p>O Concello de Trabada informa aos seus veci\u00f1os e veci\u00f1as que desde o pr\u00f3ximo martes, 19 de outubro, rean\u00fadase o programa \u2018+SA\u00daDE\u2019 dirixido aos maiores do municipio.<\/p>\n\n\n\n<p>\u201c\u00c9 un programa terap\u00e9utico, gratu\u00edto e que levaremos \u00e1s parroquias do concello coa finalidade de facilitar o acceso de todos os veci\u00f1os e veci\u00f1as\u201d, explica a alcaldesa, Mayra Garc\u00eda.<\/p>\n\n\n\n<p>A finalidade desta iniciativa \u00e9 a de promover a autonom\u00eda das persoas maiores, e en consecuencia, mellorar a s\u00faa calidade de vida.<\/p>\n\n\n\n<p>Despois do par\u00f3n obrigado pola pandemia do coronavirus, o concello recupera \u2018+SA\u00daDE\u2019 e invita a todos os seus veci\u00f1os e veci\u00f1as a participar. Este programa de terapia ocupacional dirixida aos maiores ter\u00e1 os seguintes horarios:<\/p>\n\n\n\n<p>-Martes \u00e1s 16:00 horas no Centro C\u00edvico de Vidal.<\/p>\n\n\n\n<p>-Martes \u00e1s 17:45 horas no Teleclube de Sante.<\/p>\n\n\n\n<p>-M\u00e9rcores \u00e1s 16: 00 horas no Centro C\u00edvico de Vilapena.<\/p>\n\n\n\n<p>-M\u00e9rcores \u00e1s 17:45 horas na Casa da Cultura de Trabada.<\/p>\n\n\n\n<p>-Xoves \u00e1s 16:00 horas no Centro C\u00edvico de Valboa.<\/p>\n\n\n\n<p>-Xoves \u00e1s 17:45 horas na Escola de Abres.<\/p>","protected":false},"excerpt":{"rendered":"<p>O Concello de Trabada informa aos seus veci\u00f1os e veci\u00f1as que desde o pr\u00f3ximo martes, 19 de outubro, rean\u00fadase o programa \u2018+SA\u00daDE\u2019 dirixido aos maiores do municipio. \u201c\u00c9 un programa terap\u00e9utico, gratu\u00edto e que levaremos \u00e1s parroquias do concello coa finalidade de facilitar o acceso de todos os veci\u00f1os e veci\u00f1as\u201d, explica a alcaldesa, Mayra [&hellip;]<\/p>\n","protected":false},"author":2,"featured_media":5908,"comment_status":"closed","ping_status":"closed","sticky":false,"template":"","format":"standard","meta":{"footnotes":""},"categories":[1],"tags":[],"class_list":["post-5907","post","type-post","status-publish","format-standard","has-post-thumbnail","hentry","category-trabada"],"_links":{"self":[{"href":"https:\/\/trabada.gal\/gl\/wp-json\/wp\/v2\/posts\/5907","targetHints":{"allow":["GET"]}}],"collection":[{"href":"https:\/\/trabada.gal\/gl\/wp-json\/wp\/v2\/posts"}],"about":[{"href":"https:\/\/trabada.gal\/gl\/wp-json\/wp\/v2\/types\/post"}],"author":[{"embeddable":true,"href":"https:\/\/trabada.gal\/gl\/wp-json\/wp\/v2\/users\/2"}],"replies":[{"embeddable":true,"href":"https:\/\/trabada.gal\/gl\/wp-json\/wp\/v2\/comments?post=5907"}],"version-history":[{"count":0,"href":"https:\/\/trabada.gal\/gl\/wp-json\/wp\/v2\/posts\/5907\/revisions"}],"wp:featuredmedia":[{"embeddable":true,"href":"https:\/\/trabada.gal\/gl\/wp-json\/wp\/v2\/media\/5908"}],"wp:attachment":[{"href":"https:\/\/trabada.gal\/gl\/wp-json\/wp\/v2\/media?parent=5907"}],"wp:term":[{"taxonomy":"category","embeddable":true,"href":"https:\/\/trabada.gal\/gl\/wp-json\/wp\/v2\/categories?post=5907"},{"taxonomy":"post_tag","embeddable":true,"href":"https:\/\/trabada.gal\/gl\/wp-json\/wp\/v2\/tags?post=5907"}],"curies":[{"name":"wp","href":"https:\/\/api.w.org\/{rel}","templated":true}]}}