{"id":5911,"date":"2021-10-21T16:02:24","date_gmt":"2021-10-21T16:02:24","guid":{"rendered":"https:\/\/trabada.gal\/?p=5911"},"modified":"2022-01-31T08:52:00","modified_gmt":"2022-01-31T08:52:00","slug":"o-concello-consigue-unha-subvencion-da-xunta-para-mellorar-a-rede-de-abastecemento-de-auga-en-varias-parroquias","status":"publish","type":"post","link":"https:\/\/trabada.gal\/gl\/2021\/10\/21\/o-concello-consigue-unha-subvencion-da-xunta-para-mellorar-a-rede-de-abastecemento-de-auga-en-varias-parroquias\/","title":{"rendered":"O CONCELLO CONSIGUE UNHA SUBVENCI\u00d3N DA XUNTA PARA MELLORAR A REDE DE ABASTECEMENTO DE AUGA EN VARIAS PARROQUIAS"},"content":{"rendered":"<p>O Concello de Trabada recibiu unha notificaci\u00f3n da Xunta de Galicia na que se lle comunica a concesi\u00f3n dunha axuda de 40.359,73 euros para levar a cabo un proxecto de mellora da rede de abastecemento de auga potable nos lugares de Cima de Vila, Vilapercide, Escanarega e Porto do Malle.<\/p>\n\n\n\n<p>O goberno auton\u00f3mico denegara nun principio a solicitude da subvenci\u00f3n, alegando que non se aportara unha documentaci\u00f3n que nin tan sequera se requerira por parte da Xunta.<\/p>\n\n\n\n<p>A alcaldesa de Trabada, Mayra Garc\u00eda Berm\u00fadez, presentou de inmediato un recurso de reposici\u00f3n ao non estar dacordo con esa decisi\u00f3n, explicando que toda a documentaci\u00f3n estaba enviada de forma correcta.<\/p>\n\n\n\n<p>Finalmente, a Conseller\u00eda de Infraestruturas e Mobilidade da Xunta de Galicia deu a raz\u00f3n ao concello, que obt\u00e9n a axuda.<\/p>\n\n\n\n<p>Destacase o apoio financierio da uni\u00f3n europea<\/p>\n\n\n\n<p>\u201cNo concello estabamos convencidos de que a raz\u00f3n era nosa e a concesi\u00f3n da axuda \u00e9 unha moi boa nova, xa que servir\u00e1 para mellorar os servizos das parroquias e, en definitiva, a vida diaria dos nosos veci\u00f1os\u201d, afirma Mayra Garc\u00eda Berm\u00fadez.<\/p>","protected":false},"excerpt":{"rendered":"<p>O Concello de Trabada recibiu unha notificaci\u00f3n da Xunta de Galicia na que se lle comunica a concesi\u00f3n dunha axuda de 40.359,73 euros para levar a cabo un proxecto de mellora da rede de abastecemento de auga potable nos lugares de Cima de Vila, Vilapercide, Escanarega e Porto do Malle. O goberno auton\u00f3mico denegara nun [&hellip;]<\/p>\n","protected":false},"author":2,"featured_media":5912,"comment_status":"closed","ping_status":"closed","sticky":false,"template":"","format":"standard","meta":{"footnotes":""},"categories":[1],"tags":[],"class_list":["post-5911","post","type-post","status-publish","format-standard","has-post-thumbnail","hentry","category-trabada"],"_links":{"self":[{"href":"https:\/\/trabada.gal\/gl\/wp-json\/wp\/v2\/posts\/5911","targetHints":{"allow":["GET"]}}],"collection":[{"href":"https:\/\/trabada.gal\/gl\/wp-json\/wp\/v2\/posts"}],"about":[{"href":"https:\/\/trabada.gal\/gl\/wp-json\/wp\/v2\/types\/post"}],"author":[{"embeddable":true,"href":"https:\/\/trabada.gal\/gl\/wp-json\/wp\/v2\/users\/2"}],"replies":[{"embeddable":true,"href":"https:\/\/trabada.gal\/gl\/wp-json\/wp\/v2\/comments?post=5911"}],"version-history":[{"count":0,"href":"https:\/\/trabada.gal\/gl\/wp-json\/wp\/v2\/posts\/5911\/revisions"}],"wp:featuredmedia":[{"embeddable":true,"href":"https:\/\/trabada.gal\/gl\/wp-json\/wp\/v2\/media\/5912"}],"wp:attachment":[{"href":"https:\/\/trabada.gal\/gl\/wp-json\/wp\/v2\/media?parent=5911"}],"wp:term":[{"taxonomy":"category","embeddable":true,"href":"https:\/\/trabada.gal\/gl\/wp-json\/wp\/v2\/categories?post=5911"},{"taxonomy":"post_tag","embeddable":true,"href":"https:\/\/trabada.gal\/gl\/wp-json\/wp\/v2\/tags?post=5911"}],"curies":[{"name":"wp","href":"https:\/\/api.w.org\/{rel}","templated":true}]}}