{"id":5914,"date":"2021-10-22T12:16:53","date_gmt":"2021-10-22T12:16:53","guid":{"rendered":"https:\/\/trabada.gal\/?p=5914"},"modified":"2021-10-22T12:16:54","modified_gmt":"2021-10-22T12:16:54","slug":"trabada-consigue-unha-nova-subvencion-da-xunta-para-renovar-a-fachada-da-camara-agraria","status":"publish","type":"post","link":"https:\/\/trabada.gal\/gl\/2021\/10\/22\/trabada-consigue-unha-nova-subvencion-da-xunta-para-renovar-a-fachada-da-camara-agraria\/","title":{"rendered":"TRABADA CONSIGUE UNHA NOVA SUBVENCI\u00d3N DA XUNTA PARA RENOVAR A FACHADA DA C\u00c1MARA AGRARIA"},"content":{"rendered":"\n<p>O <a href=\"https:\/\/www.facebook.com\/Concello-de-Trabada-104654019876363\/?__cft__[0]=AZWWGcsdUFbHoKkFyBxuVqF05ZscQs5-XicJf408oU86I0ChdYDgHLed4GgeOqlg_uGAQ_LybAg7yke3G_6wdm1MbQBv2LBJEzqBtuyUdX1z4hIGhkvJjHB0l5-jEXunqrBV6J1suHSofxjU9Qz8SN5PMfW_RAX8EWcmZYdtwuwUDA&amp;__tn__=kK-R\">Concello de Trabada<\/a> conseguiu unha nova subvenci\u00f3n da Xunta de Galicia, neste caso para a renovaci\u00f3n do acabado exterior da fachada da C\u00e1mara Agraria.<\/p>\n\n\n\n<p>O obxectivo da actuaci\u00f3n \u00e9 protexer a edificaci\u00f3n, evitar o seu deterioro e mellorar a calidade da paisaxe rural corrixindo os impactos paisax\u00edsticos qe ocasiona, tendo en conta o establecido no artigo 39 da Lei 2\/2016 do Solo de Galicia, no que se sinala que os materiais e cores das edificaci\u00f3ns ser\u00e1n acordes coa paisaxe rural e as construcci\u00f3n do entorno.<\/p>\n\n\n\n<p>As tarefas consistir\u00e1n polo tanto na limpeza e reparaci\u00f3n das zonas con humidade e mofo, as\u00ed como na pintura das catro fachadas mediante pintura pl\u00e1stica lisa coa combinaci\u00f3n de cores inclu\u00eddas no cat\u00e1logo de \u2018A Mari\u00f1a e o baixo Eo\u2019, coas mesmas cores que se utilizaron para pintar a antiga escola e vivienda de Mestres, recentemente convertida en museo etnogr\u00e1fico. <\/p>\n\n\n\n<p>As obras ter\u00e1n un orzamento de 25.000 euros e a axuda da Xunta de Galicia \u00e9 de 17.500 euros, polo que o concello aportar\u00e1 a diferenza con fondos propios.<\/p>\n\n\n\n<p>Tr\u00e1tase dunha subvenci\u00f3n que de novo tramitou persoalmente a alcaldesa de Trabada, <a href=\"https:\/\/www.facebook.com\/mayra.garciabermudez?__cft__[0]=AZWWGcsdUFbHoKkFyBxuVqF05ZscQs5-XicJf408oU86I0ChdYDgHLed4GgeOqlg_uGAQ_LybAg7yke3G_6wdm1MbQBv2LBJEzqBtuyUdX1z4hIGhkvJjHB0l5-jEXunqrBV6J1suHSofxjU9Qz8SN5PMfW_RAX8EWcmZYdtwuwUDA&amp;__tn__=-]K-R\">Mayra Garc\u00eda Berm\u00fadez<\/a>, xa que a Xunta de Galicia as concede por orde de chegada das solicitudes e non por concorrencia competitiva, abrindo ademais o prazo de solicitudes \u00e1s doce da noite dun venres. <\/p>\n\n\n\n<p>A alcaldesa lembra que \u201cson eu mesma a que se encarga de facelo, porque te\u00f1o a formaci\u00f3n suficiente e ademais evito que sexan os empregados municipais os que te\u00f1an que facelo fora do seu horario laboral e na finde semana\u201d. A solicitude da subvenci\u00f3n quedou rexistrada \u00e1s 00.03 horas.<\/p>\n\n\n\n<p><\/p>\n","protected":false},"excerpt":{"rendered":"<p>O Concello de Trabada conseguiu unha nova subvenci\u00f3n da Xunta de Galicia, neste caso para a renovaci\u00f3n do acabado exterior da fachada da C\u00e1mara Agraria. O obxectivo da actuaci\u00f3n \u00e9 protexer a edificaci\u00f3n, evitar o seu deterioro e mellorar a calidade da paisaxe rural corrixindo os impactos paisax\u00edsticos qe ocasiona, tendo en conta o establecido [&hellip;]<\/p>\n","protected":false},"author":2,"featured_media":5915,"comment_status":"closed","ping_status":"closed","sticky":false,"template":"","format":"standard","meta":{"footnotes":""},"categories":[1],"tags":[],"class_list":["post-5914","post","type-post","status-publish","format-standard","has-post-thumbnail","hentry","category-trabada"],"_links":{"self":[{"href":"https:\/\/trabada.gal\/gl\/wp-json\/wp\/v2\/posts\/5914","targetHints":{"allow":["GET"]}}],"collection":[{"href":"https:\/\/trabada.gal\/gl\/wp-json\/wp\/v2\/posts"}],"about":[{"href":"https:\/\/trabada.gal\/gl\/wp-json\/wp\/v2\/types\/post"}],"author":[{"embeddable":true,"href":"https:\/\/trabada.gal\/gl\/wp-json\/wp\/v2\/users\/2"}],"replies":[{"embeddable":true,"href":"https:\/\/trabada.gal\/gl\/wp-json\/wp\/v2\/comments?post=5914"}],"version-history":[{"count":0,"href":"https:\/\/trabada.gal\/gl\/wp-json\/wp\/v2\/posts\/5914\/revisions"}],"wp:featuredmedia":[{"embeddable":true,"href":"https:\/\/trabada.gal\/gl\/wp-json\/wp\/v2\/media\/5915"}],"wp:attachment":[{"href":"https:\/\/trabada.gal\/gl\/wp-json\/wp\/v2\/media?parent=5914"}],"wp:term":[{"taxonomy":"category","embeddable":true,"href":"https:\/\/trabada.gal\/gl\/wp-json\/wp\/v2\/categories?post=5914"},{"taxonomy":"post_tag","embeddable":true,"href":"https:\/\/trabada.gal\/gl\/wp-json\/wp\/v2\/tags?post=5914"}],"curies":[{"name":"wp","href":"https:\/\/api.w.org\/{rel}","templated":true}]}}