{"id":5920,"date":"2021-10-29T16:18:59","date_gmt":"2021-10-29T16:18:59","guid":{"rendered":"https:\/\/trabada.gal\/?p=5920"},"modified":"2021-10-29T16:19:00","modified_gmt":"2021-10-29T16:19:00","slug":"a-urbanizacion-da-rua-cotarelo-no-concello-de-trabada-supora-un-investimento-de-case-110-000-euros","status":"publish","type":"post","link":"https:\/\/trabada.gal\/gl\/2021\/10\/29\/a-urbanizacion-da-rua-cotarelo-no-concello-de-trabada-supora-un-investimento-de-case-110-000-euros\/","title":{"rendered":"A URBANIZACI\u00d3N DA R\u00daA COTARELO NO CONCELLO DE TRABADA SUPOR\u00c1 UN INVESTIMENTO DE CASE 110.000 EUROS"},"content":{"rendered":"<p>O Concello de Trabada informa aos seus veci\u00f1os e veci\u00f1as do comezo das obras de urbanizaci\u00f3n da r\u00faa Cotarelo, adxudicadas por 108.295 euros.<\/p>\n\n\n\n<p>A concelleira Julia Barcia e os concelleiros Rub\u00e9n Garc\u00eda e Pablo Gonz\u00e1lez visitaron hoxe a r\u00faa xunto ao delegado da Xunta en Lugo, Javier Arias. O concello aportar\u00e1 40.535 euros para esta actuaci\u00f3n, correspondendo o resto ao goberno auton\u00f3mico, a trav\u00e9s dunha axuda de 67.760 euros que conseguiu a alcaldesa (tramitada tam\u00e9n por ela mesma \u00e1s doce da noite).<\/p>\n\n\n\n<p>Julia Barcia desculpou a ausencia da alcaldesa, Mayra Garc\u00eda Berm\u00fadez, representando hoxe en M\u00e1laga ao concello no cumio da Femp. \u201cA comunicaci\u00f3n entre as administraci\u00f3ns debe facerse con previsi\u00f3n e respectando uns protocolos, xa que a Delegaci\u00f3n avisou onte por whatsapp da visita e non deu marxe para aprazala\u201d, explicou Barcia.<\/p>\n\n\n\n<p>A intervenci\u00f3n mudar\u00e1 a est\u00e9tica da r\u00faa Cotarelo. Entre outros traballos, acondicionarase o firme e construiranse beirarr\u00faas en ambas marxes, ao mesmo nivel da estrada para eliminar barreiras arquitect\u00f3nicas; habilitarase un carril de circulaci\u00f3n de sentido \u00fanico e delimitaranse prazas de aparcamento.<\/p>\n\n\n\n<p>Ademais, cont\u00e9mplanse os servizos de saneamento e abastecemento, as\u00ed como a canalizaci\u00f3n soterrada da rede de iluminaci\u00f3n p\u00fablica, a de baixa tensi\u00f3n e a de telefon\u00eda. Colocaranse bocas de rego e de incendios, as\u00ed como a sinalizaci\u00f3n e outros elementos necesarios.<\/p>\n\n\n\n<p>Rub\u00e9n Garc\u00eda trasladoulle ademais a Javier Arias a proposta da alcaldesa de formalizar un convenio entre o concello e a Xunta \u201cpara facer un centro de novas tecnolox\u00edas na parroquia de R\u00eda de Abres, xa que os seus veci\u00f1os non dispo\u00f1en de ning\u00fan lugar p\u00fablico\u201d.<\/p>\n\n\n\n<p>O concello mercou coa colaboraci\u00f3n da Deputaci\u00f3n de Lugo a parcela onde se ubicar\u00eda o centro e solicitou \u00e1 Xunta unha subvenci\u00f3n de 100.000 euros para o proxecto, a trav\u00e9s da Axencia Galega de Desenvolvemento Rural, \u201cque de non ser concedida ser\u00eda importante poder financiar doutra forma\u201d, engadiu Garc\u00eda.<\/p>","protected":false},"excerpt":{"rendered":"<p>O Concello de Trabada informa aos seus veci\u00f1os e veci\u00f1as do comezo das obras de urbanizaci\u00f3n da r\u00faa Cotarelo, adxudicadas por 108.295 euros. A concelleira Julia Barcia e os concelleiros Rub\u00e9n Garc\u00eda e Pablo Gonz\u00e1lez visitaron hoxe a r\u00faa xunto ao delegado da Xunta en Lugo, Javier Arias. O concello aportar\u00e1 40.535 euros para esta [&hellip;]<\/p>\n","protected":false},"author":2,"featured_media":5921,"comment_status":"closed","ping_status":"closed","sticky":false,"template":"","format":"standard","meta":{"footnotes":""},"categories":[1],"tags":[],"class_list":["post-5920","post","type-post","status-publish","format-standard","has-post-thumbnail","hentry","category-trabada"],"_links":{"self":[{"href":"https:\/\/trabada.gal\/gl\/wp-json\/wp\/v2\/posts\/5920","targetHints":{"allow":["GET"]}}],"collection":[{"href":"https:\/\/trabada.gal\/gl\/wp-json\/wp\/v2\/posts"}],"about":[{"href":"https:\/\/trabada.gal\/gl\/wp-json\/wp\/v2\/types\/post"}],"author":[{"embeddable":true,"href":"https:\/\/trabada.gal\/gl\/wp-json\/wp\/v2\/users\/2"}],"replies":[{"embeddable":true,"href":"https:\/\/trabada.gal\/gl\/wp-json\/wp\/v2\/comments?post=5920"}],"version-history":[{"count":0,"href":"https:\/\/trabada.gal\/gl\/wp-json\/wp\/v2\/posts\/5920\/revisions"}],"wp:featuredmedia":[{"embeddable":true,"href":"https:\/\/trabada.gal\/gl\/wp-json\/wp\/v2\/media\/5921"}],"wp:attachment":[{"href":"https:\/\/trabada.gal\/gl\/wp-json\/wp\/v2\/media?parent=5920"}],"wp:term":[{"taxonomy":"category","embeddable":true,"href":"https:\/\/trabada.gal\/gl\/wp-json\/wp\/v2\/categories?post=5920"},{"taxonomy":"post_tag","embeddable":true,"href":"https:\/\/trabada.gal\/gl\/wp-json\/wp\/v2\/tags?post=5920"}],"curies":[{"name":"wp","href":"https:\/\/api.w.org\/{rel}","templated":true}]}}