{"id":5924,"date":"2021-11-04T12:47:35","date_gmt":"2021-11-04T12:47:35","guid":{"rendered":"https:\/\/trabada.gal\/?p=5924"},"modified":"2021-11-04T12:47:36","modified_gmt":"2021-11-04T12:47:36","slug":"trabada-consigue-unha-achega-da-xunta-de-8-700-euros-para-renovar-a-rede-de-abastecemento-en-vilarbetote-tras-prosperar-unha-reclamacion-da-alcaldesa","status":"publish","type":"post","link":"https:\/\/trabada.gal\/gl\/2021\/11\/04\/trabada-consigue-unha-achega-da-xunta-de-8-700-euros-para-renovar-a-rede-de-abastecemento-en-vilarbetote-tras-prosperar-unha-reclamacion-da-alcaldesa\/","title":{"rendered":"TRABADA CONSIGUE UNHA ACHEGA DA XUNTA DE 8.700 EUROS PARA RENOVAR A REDE DE ABASTECEMENTO EN VILARBETOTE TRAS PROSPERAR UNHA RECLAMACI\u00d3N DA ALCALDESA"},"content":{"rendered":"<p>O Concello de Trabada recibiu unha subvenci\u00f3n da Xunta de Galicia de 8.698,08 euros para levar a cabo as obras de reposici\u00f3n dun tramo da rede de abastecemento en Vilarbetote, que presentaba numerosas roturas.<\/p>\n\n\n\n<p>A achega foi concedida despois de que a Xunta de Galicia reco\u00f1ecese o erro de excluir ao Concello de Trabada das axudas do Fondo de Compensaci\u00f3n Ambiental, tal e como reclamou a alcaldesa, Mayra Garc\u00eda Berm\u00fadez.<\/p>\n\n\n\n<p>En concreto, o 27 de xaneiro de 2021 a alcaldesa de Trabada enviou un escrito \u00e1 Direcci\u00f3n Xeral de Administraci\u00f3n Local, xa que a convocatoria de subvenci\u00f3ns da li\u00f1a en concorrencia non competitiva do Fondo de Compensaci\u00f3n Ambiental para o ano 2021 establec\u00eda que \u201cser\u00e1 destinada a aqueles concellos que o seu territorio municipal estea dentro da poligonal de delimitaci\u00f3n dun parque e\u00f3lico e aos afectados pola correspondente instalaci\u00f3n de conexi\u00f3n ou v\u00eda de evacuaci\u00f3n\u201d.<\/p>\n\n\n\n<p>O Concello de Trabada ten o parque e\u00f3lico Cadeira autorizado en data 25 de outubro do 2019 e non constaba por segundo ano consecutivo na relaci\u00f3n de concellos que manexaba a Xunta.<\/p>\n\n\n\n<p>Xa na convocatoria do ano pasado non inclu\u00edran ao Concello de Trabada e mediante consulta telef\u00f3nica, dende a Direcci\u00f3n Xeral de Administraci\u00f3n Local indic\u00e1ronlle \u00e1 alcaldesa \u201cque non inclu\u00edran este parque porque tiveran en conta os autorizados antes da data da explotaci\u00f3n do mesmo\u201d.<\/p>\n\n\n\n<p>Visto que na convocatoria deste ano tampoco estaba inclu\u00eddo, Mayra Garc\u00eda solicitou \u201cque se indique a causa de exclusi\u00f3n e que de ser o caso, se aporte ao Concello de Trabada o cr\u00e9dito orzamentario correspondente das anualidades que correspondera a inclusi\u00f3n na convocatoria de axudas\u201d, adxuntando a autorizaci\u00f3n de explotaci\u00f3n das instalaci\u00f3nsel\u00e9ctricas relativas ao proxecto denominado Parque E\u00f3lico Cadeira, emprazado nos Concellos de Trabada, Riotorto, a Pontenova e Lourenz\u00e1.<\/p>\n\n\n\n<p>Efectivamente, a alcaldesa ti\u00f1a raz\u00f3n e a soluci\u00f3n que se propuxo dende a Xunta foi a de asinar \u201cun convenio excepcional de colaboraci\u00f3n polo importe da achega que deber\u00eda ter o Concello con cargo ao Fondo de Compensaci\u00f3n Ambiental na convocatoria na que non nos incluiron\u201d, explica a alcaldesa.<\/p>\n\n\n\n<p>\u201cEn data 10 de setembro do 2021 asinamos un convenio excepcional para levar a cabo as citadas obras de reposici\u00f3n dun tramo da rede de abastecemento en Vilarbetote\u201d, engade.<\/p>","protected":false},"excerpt":{"rendered":"<p>O concello foi exclu\u00eddo de forma inxusta das axudas do Fondo de Compensaci\u00f3n Ambiental e o goberno auton\u00f3mico deulle finalmente a raz\u00f3n<\/p>","protected":false},"author":2,"featured_media":5925,"comment_status":"closed","ping_status":"closed","sticky":false,"template":"","format":"standard","meta":{"footnotes":""},"categories":[1],"tags":[],"class_list":["post-5924","post","type-post","status-publish","format-standard","has-post-thumbnail","hentry","category-trabada"],"_links":{"self":[{"href":"https:\/\/trabada.gal\/gl\/wp-json\/wp\/v2\/posts\/5924","targetHints":{"allow":["GET"]}}],"collection":[{"href":"https:\/\/trabada.gal\/gl\/wp-json\/wp\/v2\/posts"}],"about":[{"href":"https:\/\/trabada.gal\/gl\/wp-json\/wp\/v2\/types\/post"}],"author":[{"embeddable":true,"href":"https:\/\/trabada.gal\/gl\/wp-json\/wp\/v2\/users\/2"}],"replies":[{"embeddable":true,"href":"https:\/\/trabada.gal\/gl\/wp-json\/wp\/v2\/comments?post=5924"}],"version-history":[{"count":0,"href":"https:\/\/trabada.gal\/gl\/wp-json\/wp\/v2\/posts\/5924\/revisions"}],"wp:featuredmedia":[{"embeddable":true,"href":"https:\/\/trabada.gal\/gl\/wp-json\/wp\/v2\/media\/5925"}],"wp:attachment":[{"href":"https:\/\/trabada.gal\/gl\/wp-json\/wp\/v2\/media?parent=5924"}],"wp:term":[{"taxonomy":"category","embeddable":true,"href":"https:\/\/trabada.gal\/gl\/wp-json\/wp\/v2\/categories?post=5924"},{"taxonomy":"post_tag","embeddable":true,"href":"https:\/\/trabada.gal\/gl\/wp-json\/wp\/v2\/tags?post=5924"}],"curies":[{"name":"wp","href":"https:\/\/api.w.org\/{rel}","templated":true}]}}