{"id":5927,"date":"2021-11-10T13:52:37","date_gmt":"2021-11-10T13:52:37","guid":{"rendered":"https:\/\/trabada.gal\/?p=5927"},"modified":"2021-11-10T13:52:38","modified_gmt":"2021-11-10T13:52:38","slug":"o-concello-destaca-o-modelo-de-xestion-do-centro-de-atencion-aos-maiores-que-contara-desde-mana-con-30-persoas-usuarias","status":"publish","type":"post","link":"https:\/\/trabada.gal\/gl\/2021\/11\/10\/o-concello-destaca-o-modelo-de-xestion-do-centro-de-atencion-aos-maiores-que-contara-desde-mana-con-30-persoas-usuarias\/","title":{"rendered":"O CONCELLO DESTACA O MODELO DE XESTI\u00d3N DO CENTRO DE ATENCI\u00d3N AOS MAIORES, QUE CONTAR\u00c1 DESDE MA\u00d1\u00c1 CON 30 PERSOAS USUARIAS"},"content":{"rendered":"<p>Os concelleiros do Concello de Trabada Julia Mar\u00eda Barcia e Rub\u00e9n Garc\u00eda visitaron hoxe o Centro de Atenci\u00f3n aos Maiores de Trabada, onde celebran durante toda a xornada a festividade do Magosto.<\/p>\n\n\n\n<p>Tr\u00e1tase dunha actividade onde adem\u00e1is de falar desta festa do outono, as persoas usuarias do centro cantaron canci\u00f3ns populares e disfrutaron de casta\u00f1as asadas. Pola tarde, saborear\u00e1n unha merenda de casta\u00f1as cocidas con leite.<\/p>\n\n\n\n<p>A d\u00eda de hoxe, o Centro de Atenci\u00f3n a Maiores conta con 29 usuarios, pero na xornada de ma\u00f1\u00e1 cubriranse a totalidade das prazas coa chegada dunha nova usuaria procedente do Concello de Trabada.<\/p>\n\n\n\n<p>Dende o Goberno Municipal querese unha vez m\u00e1is destacar o modelo de xesti\u00f3n do centro, a trav\u00e9s do cal se atende a calquera veci\u00f1o con independencia da s\u00faa capacidade econ\u00f3mica. Tam\u00f3n po\u00f1en en valor a labor de todos os profesionais que traballan coidando dos maiores.<\/p>","protected":false},"excerpt":{"rendered":"<p>Os concelleiros do Concello de Trabada Julia Mar\u00eda Barcia e Rub\u00e9n Garc\u00eda visitaron hoxe o Centro de Atenci\u00f3n aos Maiores de Trabada, onde celebran durante toda a xornada a festividade do Magosto. Tr\u00e1tase dunha actividade onde adem\u00e1is de falar desta festa do outono, as persoas usuarias do centro cantaron canci\u00f3ns populares e disfrutaron de casta\u00f1as [&hellip;]<\/p>\n","protected":false},"author":2,"featured_media":5928,"comment_status":"closed","ping_status":"closed","sticky":false,"template":"","format":"standard","meta":{"footnotes":""},"categories":[1],"tags":[],"class_list":["post-5927","post","type-post","status-publish","format-standard","has-post-thumbnail","hentry","category-trabada"],"_links":{"self":[{"href":"https:\/\/trabada.gal\/gl\/wp-json\/wp\/v2\/posts\/5927","targetHints":{"allow":["GET"]}}],"collection":[{"href":"https:\/\/trabada.gal\/gl\/wp-json\/wp\/v2\/posts"}],"about":[{"href":"https:\/\/trabada.gal\/gl\/wp-json\/wp\/v2\/types\/post"}],"author":[{"embeddable":true,"href":"https:\/\/trabada.gal\/gl\/wp-json\/wp\/v2\/users\/2"}],"replies":[{"embeddable":true,"href":"https:\/\/trabada.gal\/gl\/wp-json\/wp\/v2\/comments?post=5927"}],"version-history":[{"count":0,"href":"https:\/\/trabada.gal\/gl\/wp-json\/wp\/v2\/posts\/5927\/revisions"}],"wp:featuredmedia":[{"embeddable":true,"href":"https:\/\/trabada.gal\/gl\/wp-json\/wp\/v2\/media\/5928"}],"wp:attachment":[{"href":"https:\/\/trabada.gal\/gl\/wp-json\/wp\/v2\/media?parent=5927"}],"wp:term":[{"taxonomy":"category","embeddable":true,"href":"https:\/\/trabada.gal\/gl\/wp-json\/wp\/v2\/categories?post=5927"},{"taxonomy":"post_tag","embeddable":true,"href":"https:\/\/trabada.gal\/gl\/wp-json\/wp\/v2\/tags?post=5927"}],"curies":[{"name":"wp","href":"https:\/\/api.w.org\/{rel}","templated":true}]}}