{"id":5936,"date":"2021-11-26T12:17:56","date_gmt":"2021-11-26T12:17:56","guid":{"rendered":"https:\/\/trabada.gal\/?p=5936"},"modified":"2021-11-26T12:17:57","modified_gmt":"2021-11-26T12:17:57","slug":"o-concello-de-trabada-tera-no-ano-2022-un-orzamento-de-15-millons-dos-que-o-22-iran-a-investimentos-para-mellorar-a-vida-dos-vecinos","status":"publish","type":"post","link":"https:\/\/trabada.gal\/gl\/2021\/11\/26\/o-concello-de-trabada-tera-no-ano-2022-un-orzamento-de-15-millons-dos-que-o-22-iran-a-investimentos-para-mellorar-a-vida-dos-vecinos\/","title":{"rendered":"O CONCELLO DE TRABADA TER\u00c1 NO ANO 2022 UN ORZAMENTO DE 1,5 MILL\u00d3NS, DOS QUE O 22% IR\u00c1N A INVESTIMENTOS PARA MELLORAR A VIDA DOS VECI\u00d1OS"},"content":{"rendered":"<p>O grupo de goberno do Concello de Trabada levar\u00e1 ao pleno do pr\u00f3ximo m\u00e9rcores, d\u00eda 1 de decembro, os orzamentos municipais do ano 2022.<\/p>\n\n\n\n<p>Trabada ter\u00e1 un orzamento de 1.495.265,40 euros, destacado o esforzo inversor, que ronda o 22%. \u201cCon esta partida, faremos fronte a necesidades inevitables dos servizos e a investimentos que permiten mellorar as infraestruturas e equipamentos p\u00fablicos municipais\u201d, explica a alcaldesa, Mayra Garc\u00eda Bermudez.<\/p>\n\n\n\n<p>Para impulsar estes investimentos, o concello acudir\u00e1 ademais \u00e1s li\u00f1as de subvencions que habilitan as diferentes administraci\u00f3ns, evitando na medida do posible as modificaci\u00f3ns orzamentarias.<\/p>\n\n\n\n<p>\u201cSon unhas contas equilibradas, que garanten a estabilidade do concello reforzando servizos sociais b\u00e1sicos como a Axuda no Fogar\u201d, apunta a alcaldesa, \u201cun documento realista e axustado aos ingresos e gastos, evitando previsi\u00f3ns non realizables que den unha imaxe non axustada do noso estado econ\u00f3mico-financeiro\u201d.<\/p>\n\n\n\n<p>O proxecto de orzamento cumprir\u00e1 coa estabilidade orzamentaria, evitando o incremento do nivel de endebedamento para manter a actual situaci\u00f3n de equilibrio. Non se prev\u00e9 acudir a operaci\u00f3ns de endebedamento.<\/p>\n\n\n\n<p>Os gastos de persoal aumentan en m\u00e1is de 70.000 euros pola entrada en vigor da Relaci\u00f3n de Postos de Traballo (RPT), que ter\u00e1 lugar a principios do ano 2022, e a subseguinte adecuaci\u00f3n salarial para todos os membros da plantilla de persoal, con especial transcendencia para os postos de auxiliares do Servizo de Axuda no Fogar (SAF), cuxo salario se ve incrementado de maneira moi notable.<\/p>\n\n\n\n<p>\u201cO reforzo e a mellora das condici\u00f3ns laborais dos traballadores do Servizo de Axuda no Fogar \u00e9 un compromiso ineludible e xusto, xa que desempe\u00f1an unhas funci\u00f3ns b\u00e1sicas que se deben dignificar o m\u00e1ximo posible; falamos dun servizo que debe ser prestado con altos est\u00e1ndares de calidade, a\u00ednda non sendo unha competencia propia dos concellos\u201d, engade Garc\u00eda Berm\u00fadez.&nbsp;<\/p>","protected":false},"excerpt":{"rendered":"<p>O grupo de goberno do Concello de Trabada levar\u00e1 ao pleno do pr\u00f3ximo m\u00e9rcores, d\u00eda 1 de decembro, os orzamentos municipais do ano 2022. Trabada ter\u00e1 un orzamento de 1.495.265,40 euros, destacado o esforzo inversor, que ronda o 22%. \u201cCon esta partida, faremos fronte a necesidades inevitables dos servizos e a investimentos que permiten mellorar [&hellip;]<\/p>\n","protected":false},"author":2,"featured_media":5937,"comment_status":"closed","ping_status":"closed","sticky":false,"template":"","format":"standard","meta":{"footnotes":""},"categories":[1],"tags":[],"class_list":["post-5936","post","type-post","status-publish","format-standard","has-post-thumbnail","hentry","category-trabada"],"_links":{"self":[{"href":"https:\/\/trabada.gal\/gl\/wp-json\/wp\/v2\/posts\/5936","targetHints":{"allow":["GET"]}}],"collection":[{"href":"https:\/\/trabada.gal\/gl\/wp-json\/wp\/v2\/posts"}],"about":[{"href":"https:\/\/trabada.gal\/gl\/wp-json\/wp\/v2\/types\/post"}],"author":[{"embeddable":true,"href":"https:\/\/trabada.gal\/gl\/wp-json\/wp\/v2\/users\/2"}],"replies":[{"embeddable":true,"href":"https:\/\/trabada.gal\/gl\/wp-json\/wp\/v2\/comments?post=5936"}],"version-history":[{"count":0,"href":"https:\/\/trabada.gal\/gl\/wp-json\/wp\/v2\/posts\/5936\/revisions"}],"wp:featuredmedia":[{"embeddable":true,"href":"https:\/\/trabada.gal\/gl\/wp-json\/wp\/v2\/media\/5937"}],"wp:attachment":[{"href":"https:\/\/trabada.gal\/gl\/wp-json\/wp\/v2\/media?parent=5936"}],"wp:term":[{"taxonomy":"category","embeddable":true,"href":"https:\/\/trabada.gal\/gl\/wp-json\/wp\/v2\/categories?post=5936"},{"taxonomy":"post_tag","embeddable":true,"href":"https:\/\/trabada.gal\/gl\/wp-json\/wp\/v2\/tags?post=5936"}],"curies":[{"name":"wp","href":"https:\/\/api.w.org\/{rel}","templated":true}]}}