{"id":5939,"date":"2021-12-03T14:08:01","date_gmt":"2021-12-03T14:08:01","guid":{"rendered":"https:\/\/trabada.gal\/?p=5939"},"modified":"2021-12-03T14:08:02","modified_gmt":"2021-12-03T14:08:02","slug":"o-concello-de-trabada-remata-as-obras-de-instalacion-de-iluminacion-ornamental-no-aparcadoiro-de-autocaravanas-e-no-seu-acceso","status":"publish","type":"post","link":"https:\/\/trabada.gal\/gl\/2021\/12\/03\/o-concello-de-trabada-remata-as-obras-de-instalacion-de-iluminacion-ornamental-no-aparcadoiro-de-autocaravanas-e-no-seu-acceso\/","title":{"rendered":"O CONCELLO DE TRABADA REMATA AS OBRAS DE INSTALACI\u00d3N DE ILUMINACI\u00d3N ORNAMENTAL NO APARCADOIRO DE AUTOCARAVANAS E NO SEU ACCESO"},"content":{"rendered":"<p>O Concello de Trabada informa aos seus veci\u00f1os e veci\u00f1as do remate das obras para a instalaci\u00f3n de iluminaci\u00f3n ornamental no acceso e no aparcadoiro de autocaravanas.<\/p>\n\n\n\n<p>O concello conseguiu unha subvenci\u00f3n de 30.000 euros para esta actuaci\u00f3n e foi a alcaldesa, Mayra Garc\u00eda Berm\u00fadez, quen tramitou persoalmente a solicitude das axudas, para as que a Xunta de Galicia abriu o prazo \u00e1s doce da noite dun venres.<\/p>\n\n\n\n<p>As obras consistiron na instalaci\u00f3n de oito puntos de luz con luminarias LED de 48 watios sobre columnas met\u00e1licas de aceiro galvanizado asentadas en bases de formig\u00f3n. Ao p\u00e9 de cada base e polo tanto de cada luminaria, instalouse unha arqueta de rexistro de formig\u00f3n, con tapa e marco de fundici\u00f3n.&nbsp;<\/p>\n\n\n\n<p>\u201cDespois da elevada ocupaci\u00f3n rexistrada durante o ver\u00e1n no aparcadoiro de autocaravanas, queremos seguir mellorando esta dotaci\u00f3n con esta iluminaci\u00f3n ornamental que permitir\u00e1 aos turistas disfrutar do espazo, xa que adem\u00e1is da zona de aparcadoiro e de vaciado de augas conta cunha zona de picnic que tam\u00e9n valoran moit\u00edsimo os usuarios, pola comodidade que sup\u00f3n non ter que sacar e colocar as mesas e as sillas para comer\u201d, explica Garc\u00eda Berm\u00fadez.<\/p>\n\n\n\n<p>Este non \u00e9 a \u00faltima actuaci\u00f3n que o goberno municipal ten prevista para este espazo, pois xa ten solicitado outra axuda ao INEGA para a implantaci\u00f3n dun punto de recarga el\u00e9ctrica. \u201cNa actualidade non se disp\u00f3n na zona de ning\u00fan punto de servizo p\u00fablico de recarga para veh\u00edculos el\u00e9ctricos, polo que estimamos necesario facilitar os cidad\u00e1ns en xeral, e os veci\u00f1os da zona en concreto, este servizo, m\u00e1xime tendo en conta que o que se pretende nun futuro inmediato \u00e9 conquerir que a mobilidade de veh\u00edculos tenda a ser preto do 100% el\u00e9ctrica\u201d, engade.<\/p>\n\n\n\n<p>Por tal motivo proponse a instalaci\u00f3n dun punto p\u00fablico de recarga de veh\u00edculos el\u00e9ctrico neste espazo, na R\u00eda de Abres, e outros dous en Trabada, un de uso p\u00fablico na zona adxacente ao Centro Etnogr\u00e1fico \u201cXos\u00e9 Rocha\u201d e outro para uso dos veh\u00edculos municipais do concello, situado na nave municipal.<\/p>\n\n\n\n<p>O custo de cada un deles ascende a 12.713,83 euros, o que sup\u00f3n un investimento total de 38.141,49 euros. \u201cDende o goberno municipal de Trabada sum\u00e1monos unha vez m\u00e1is a convocatorias que contrib\u00faan a mellora da eficiencia enerx\u00e9tica e pretendemos ser dos primeiros concellos galegos en contar con este servizo p\u00fablico\u201d, apunta a alcadesa.<\/p>\n\n\n\n<p>\u201cHai que recordar que estes fondos foron transferidos de forma directa dende o Estado \u00e1s comunidades aut\u00f3nomas no marco do Plan de Recuperaci\u00f3n, Transformaci\u00f3n e Resiliencia Europeo, porque todos sabemos que a Xunta se nutre en boa parte dos ingresos do Estado e dos fondos europeos, que son transferidos \u00e1s comunidades aut\u00f3nomas para que os xestionen e os distrib\u00faan entre os seus veci\u00f1os; unha vez m\u00e1is, facemos un chamamento para que ese reparto sexa xusto e chegue a todos os concellos con independencia das cores dos gobernos municipais\u201d, remata Garc\u00eda Berm\u00fadez<\/p>\n\n\n\n<p>Na convocatoria de axudas do Estado establece unha axuda dun 70% que pode ampliarse ata un 80% no caso de concellos de menos de 5.000 habitantes, como \u00e9 o caso de Trabada.<\/p>","protected":false},"excerpt":{"rendered":"<p>O Concello de Trabada informa aos seus veci\u00f1os e veci\u00f1as do remate das obras para a instalaci\u00f3n de iluminaci\u00f3n ornamental no acceso e no aparcadoiro de autocaravanas. O concello conseguiu unha subvenci\u00f3n de 30.000 euros para esta actuaci\u00f3n e foi a alcaldesa, Mayra Garc\u00eda Berm\u00fadez, quen tramitou persoalmente a solicitude das axudas, para as que [&hellip;]<\/p>\n","protected":false},"author":2,"featured_media":5940,"comment_status":"closed","ping_status":"closed","sticky":false,"template":"","format":"standard","meta":{"footnotes":""},"categories":[1],"tags":[],"class_list":["post-5939","post","type-post","status-publish","format-standard","has-post-thumbnail","hentry","category-trabada"],"_links":{"self":[{"href":"https:\/\/trabada.gal\/gl\/wp-json\/wp\/v2\/posts\/5939","targetHints":{"allow":["GET"]}}],"collection":[{"href":"https:\/\/trabada.gal\/gl\/wp-json\/wp\/v2\/posts"}],"about":[{"href":"https:\/\/trabada.gal\/gl\/wp-json\/wp\/v2\/types\/post"}],"author":[{"embeddable":true,"href":"https:\/\/trabada.gal\/gl\/wp-json\/wp\/v2\/users\/2"}],"replies":[{"embeddable":true,"href":"https:\/\/trabada.gal\/gl\/wp-json\/wp\/v2\/comments?post=5939"}],"version-history":[{"count":0,"href":"https:\/\/trabada.gal\/gl\/wp-json\/wp\/v2\/posts\/5939\/revisions"}],"wp:featuredmedia":[{"embeddable":true,"href":"https:\/\/trabada.gal\/gl\/wp-json\/wp\/v2\/media\/5940"}],"wp:attachment":[{"href":"https:\/\/trabada.gal\/gl\/wp-json\/wp\/v2\/media?parent=5939"}],"wp:term":[{"taxonomy":"category","embeddable":true,"href":"https:\/\/trabada.gal\/gl\/wp-json\/wp\/v2\/categories?post=5939"},{"taxonomy":"post_tag","embeddable":true,"href":"https:\/\/trabada.gal\/gl\/wp-json\/wp\/v2\/tags?post=5939"}],"curies":[{"name":"wp","href":"https:\/\/api.w.org\/{rel}","templated":true}]}}