{"id":5943,"date":"2021-12-04T11:14:40","date_gmt":"2021-12-04T11:14:40","guid":{"rendered":"https:\/\/trabada.gal\/?p=5943"},"modified":"2021-12-04T11:14:41","modified_gmt":"2021-12-04T11:14:41","slug":"a-alcaldesa-solicitalle-unha-reunion-a-alberto-nunez-feijoo-e-a-colaboracion-da-xunta-para-construir-un-auditorio-e-un-aula-de-musica","status":"publish","type":"post","link":"https:\/\/trabada.gal\/gl\/2021\/12\/04\/a-alcaldesa-solicitalle-unha-reunion-a-alberto-nunez-feijoo-e-a-colaboracion-da-xunta-para-construir-un-auditorio-e-un-aula-de-musica\/","title":{"rendered":"A ALCALDESA SOLIC\u00cdTALLE UNHA REUNI\u00d3N A ALBERTO N\u00da\u00d1EZ FEIJ\u00d3O E A COLABORACI\u00d3N DA XUNTA PARA CONSTRU\u00cdR UN AUDITORIO E UN AULA DE M\u00daSICA"},"content":{"rendered":"<p>A alcaldesa de Trabada, Mayra Garc\u00eda Berm\u00fadez, remitiulle unha carta ao presidente da Xunta de Galicia, Alberto N\u00fa\u00f1ez Feij\u00f3o, na que lle solicita a colaboraci\u00f3n do goberno auton\u00f3mico para a construci\u00f3n dun auditorio e dunha aula de m\u00fasica.<\/p>\n\n\n\n<p>\u201cO Concello de Trabada redactou un proxecto para a construci\u00f3n dun auditorio e unha aula de m\u00fasica, xa que a d\u00eda de hoxe non se disp\u00f3n de ning\u00fan inmoble similar e \u00e9 unha demanda hist\u00f3rica da veci\u00f1anza do noso Concello; o orzamento ascende a 984.897 euros, polo que solicitamos a colaboraci\u00f3n da Xunta para poder realizar este investimento\u201d, explica Garc\u00eda Berm\u00fadez.<\/p>\n\n\n\n<p>Na carta, a alcaldesa lembra que \u201ca Xunta de Galicia colaborou recentemente coa construcci\u00f3n dun auditorio en Mar\u00edn, coa aportaci\u00f3n de dous mill\u00f3ns de euros, e coa construcci\u00f3n dunha escola de m\u00fasica en Begonte, con outra achega de 1.046.938,67 euros\u201d.<\/p>\n\n\n\n<p>\u201cTendo en conta que polo Concello de Trabada tam\u00e9n discurre o Cami\u00f1o do Norte, plantexamos a posibilidade, ao igual que en Begonte, de que poidan participar na financiaci\u00f3n a Axencia de Turismo, a Conseller\u00eda de Medio Ambiente e a Conseller\u00eda de Cultura\u201d, engade.<\/p>\n\n\n\n<p>Agardando que haxa a mesma colaboraci\u00f3n por parte da Xunta cos veci\u00f1os e veci\u00f1as do Concello de Trabada que coa veci\u00f1anza dos concellos de Mar\u00edn e Begonte, Garc\u00eda Berm\u00fadez solic\u00edtalle unha entrevista a N\u00fa\u00f1ez Feij\u00f3o para presentarlle o proxecto e a maqueta do mesmo, valorando as diferentes posibilidades de financiaci\u00f3n.<\/p>\n\n\n\n<p>Por \u00faltimo, a alcaldesa aproveita a carta para \u201cconvidalo unha vez m\u00e1is a visitar a nosa vila, estou a s\u00faa disposici\u00f3n para tratar este asunto ou calquera outra cuesti\u00f3n de interese para as veci\u00f1as e veci\u00f1os de Trabada\u201d.<\/p>","protected":false},"excerpt":{"rendered":"<p>A alcaldesa de Trabada, Mayra Garc\u00eda Berm\u00fadez, remitiulle unha carta ao presidente da Xunta de Galicia, Alberto N\u00fa\u00f1ez Feij\u00f3o, na que lle solicita a colaboraci\u00f3n do goberno auton\u00f3mico para a construci\u00f3n dun auditorio e dunha aula de m\u00fasica. \u201cO Concello de Trabada redactou un proxecto para a construci\u00f3n dun auditorio e unha aula de m\u00fasica, [&hellip;]<\/p>\n","protected":false},"author":2,"featured_media":5944,"comment_status":"closed","ping_status":"closed","sticky":false,"template":"","format":"standard","meta":{"footnotes":""},"categories":[1],"tags":[],"class_list":["post-5943","post","type-post","status-publish","format-standard","has-post-thumbnail","hentry","category-trabada"],"_links":{"self":[{"href":"https:\/\/trabada.gal\/gl\/wp-json\/wp\/v2\/posts\/5943","targetHints":{"allow":["GET"]}}],"collection":[{"href":"https:\/\/trabada.gal\/gl\/wp-json\/wp\/v2\/posts"}],"about":[{"href":"https:\/\/trabada.gal\/gl\/wp-json\/wp\/v2\/types\/post"}],"author":[{"embeddable":true,"href":"https:\/\/trabada.gal\/gl\/wp-json\/wp\/v2\/users\/2"}],"replies":[{"embeddable":true,"href":"https:\/\/trabada.gal\/gl\/wp-json\/wp\/v2\/comments?post=5943"}],"version-history":[{"count":0,"href":"https:\/\/trabada.gal\/gl\/wp-json\/wp\/v2\/posts\/5943\/revisions"}],"wp:featuredmedia":[{"embeddable":true,"href":"https:\/\/trabada.gal\/gl\/wp-json\/wp\/v2\/media\/5944"}],"wp:attachment":[{"href":"https:\/\/trabada.gal\/gl\/wp-json\/wp\/v2\/media?parent=5943"}],"wp:term":[{"taxonomy":"category","embeddable":true,"href":"https:\/\/trabada.gal\/gl\/wp-json\/wp\/v2\/categories?post=5943"},{"taxonomy":"post_tag","embeddable":true,"href":"https:\/\/trabada.gal\/gl\/wp-json\/wp\/v2\/tags?post=5943"}],"curies":[{"name":"wp","href":"https:\/\/api.w.org\/{rel}","templated":true}]}}