{"id":5951,"date":"2021-12-27T15:48:43","date_gmt":"2021-12-27T15:48:43","guid":{"rendered":"https:\/\/trabada.gal\/?p=5951"},"modified":"2022-03-15T13:18:37","modified_gmt":"2022-03-15T13:18:37","slug":"o-concello-conta-cun-novo-punto-limpo-mobil-para-impulsar-a-reciclaxe-correcta-dos-residuos-e-a-sensibilizacion-ambiental","status":"publish","type":"post","link":"https:\/\/trabada.gal\/gl\/2021\/12\/27\/o-concello-conta-cun-novo-punto-limpo-mobil-para-impulsar-a-reciclaxe-correcta-dos-residuos-e-a-sensibilizacion-ambiental\/","title":{"rendered":"O CONCELLO  CONTA CUN NOVO PUNTO LIMPO M\u00d3BIL PARA IMPULSAR A RECICLAXE CORRECTA DOS RESIDUOS E A SENSIBILIZACI\u00d3N AMBIENTAL"},"content":{"rendered":"<div data-elementor-type=\"wp-post\" data-elementor-id=\"5951\" class=\"elementor elementor-5951\">\n\t\t\t\t\t\t<section class=\"elementor-section elementor-top-section elementor-element elementor-element-4f57bd00 elementor-section-boxed elementor-section-height-default elementor-section-height-default\" data-id=\"4f57bd00\" data-element_type=\"section\" data-e-type=\"section\">\n\t\t\t\t\t\t<div class=\"elementor-container elementor-column-gap-default\">\n\t\t\t\t\t<div class=\"elementor-column elementor-col-100 elementor-top-column elementor-element elementor-element-25e2300f\" data-id=\"25e2300f\" data-element_type=\"column\" data-e-type=\"column\">\n\t\t\t<div class=\"elementor-widget-wrap elementor-element-populated\">\n\t\t\t\t\t\t<div class=\"elementor-element elementor-element-4ee1cc04 elementor-widget elementor-widget-text-editor\" data-id=\"4ee1cc04\" data-element_type=\"widget\" data-e-type=\"widget\" data-widget_type=\"text-editor.default\">\n\t\t\t\t<div class=\"elementor-widget-container\">\n\t\t\t\t\t\t\t\t\t<p><\/p>\n<p>O Concello de Trabada conta cun novo punto limpo m\u00f3bil, co que pretende facilitarlle aos veci\u00f1os e veci\u00f1as a reciclaxe de residuos, ademais de impulsar a sensibilizaci\u00f3n ambiental.<\/p>\n<p><\/p>\n<p><\/p>\n<p>O concello obtivo unha achega de 70.000 euros para esta actuaci\u00f3n, financiada pola Xunta de Galicia a trav\u00e9s da li\u00f1a de subvenci\u00f3ns en materia de residuos de competencia municipal cofinanciadas polo Fondo Europeo de Desenvolvemento Rexional (Feder Galicia 2014-2020).<\/p>\n<p><\/p>\n<p><\/p>\n<p>Tr\u00e1tase en concreto dun veh\u00edculo dotado de gr\u00faa e volquete basculante destinado aos servicios municipais, as\u00ed como dun punto limpo m\u00f3bil, cunha gr\u00faa 4T, montada sobre o veh\u00edculo tras cabina a partir da roma de forza e cunha cesta de ferro para unha persoa homologada.<\/p>\n<p><\/p>\n<p><\/p>\n<p>\u201c\u00c9 un punto limpo m\u00f3bil para pequenos residuos que se colocar\u00e1 en diferentes sitios do concello, segundo un calendario preestablecido ou segundo a demanda que poda existir nun momento dado\u201d, explica a alcaldesa de Trabada, Mayra Garc\u00eda Bermudez.<\/p>\n<p><\/p>\n<p><\/p>\n<p>Os veci\u00f1os poder\u00e1n depositar pequena chatarra electr\u00f3nica; pequenos electrodom\u00e9sticos; pintura; bernices; disolventes; aceites; radiografias; roupa e xoguetes; baterias; pilas, e bombillas ou fluorescentes.<\/p>\n<p><\/p>\n<p><\/p>\n<p>Por outra banda, para poder mover este punto limpo m\u00f3bil, \u00e9 necesario dispo\u00f1er dun cami\u00f3n con gancho multilift, que permita subilo e baixalo para desprazalo dun lugar a outro do concello. Este veh\u00edculo ser\u00e1 en Trabada un modelo tipo pick-up para cumprir a norma Euro, referente \u00e1 clasificaci\u00f3n en funci\u00f3n do seu potencial contaminante, para que sexa mais respectuoso co medio ambiente e o seu custo de funcionamento tam\u00e9n sexa menor.<\/p>\n<p><\/p>\n<p><\/p>\n<p>Para maximizar o uso deste veh\u00edculo para estas labores de recollida especifica de residuos, o concello adquiriu ademais unha caixa basculante con baldas laterais abatibles, que permitir\u00e1 a recollida dos enseres voluminosos ou RAEEs de gran tama\u00f1o, nos momentos en que non haxa que trasladar o modulo de punto limpo m\u00f3bil dun lugar a outro.<\/p>\n<p><\/p>\n<p><\/p>\n<p>O concello quere agradecer o traballo realizado pola empresa, pois na primeira licitaci\u00f3n o contrato quedou deserto e, ante a problem\u00e1tica dos prazos de suministro de veh\u00edculos, foron quen de dar unha resposta para as\u00ed non ter que renunciar \u00e1 axuda conseguida, como sucedeu noutros concellos galegos.<\/p>\n<p>Este proxecto conta co apoio financeiro da Conseller\u00eda de Medio Ambiente, territorio e Vivenda da Xunta de Galicia e do FEDER<\/p>\n<p>\u00a0<\/p>\n<p><\/p>\t\t\t\t\t\t\t\t<\/div>\n\t\t\t\t<\/div>\n\t\t\t\t\t<\/div>\n\t\t<\/div>\n\t\t\t\t\t<\/div>\n\t\t<\/section>\n\t\t\t\t<section class=\"elementor-section elementor-top-section elementor-element elementor-element-16652bb elementor-section-boxed elementor-section-height-default elementor-section-height-default\" data-id=\"16652bb\" data-element_type=\"section\" data-e-type=\"section\">\n\t\t\t\t\t\t<div class=\"elementor-container elementor-column-gap-default\">\n\t\t\t\t\t<div class=\"elementor-column elementor-col-100 elementor-top-column elementor-element elementor-element-bd79465\" data-id=\"bd79465\" data-element_type=\"column\" data-e-type=\"column\">\n\t\t\t<div class=\"elementor-widget-wrap elementor-element-populated\">\n\t\t\t\t\t\t<div class=\"elementor-element elementor-element-5e2a79e elementor-widget elementor-widget-image\" data-id=\"5e2a79e\" data-element_type=\"widget\" data-e-type=\"widget\" data-widget_type=\"image.default\">\n\t\t\t\t<div class=\"elementor-widget-container\">\n\t\t\t\t\t\t\t\t\t\t\t\t\t\t\t<img fetchpriority=\"high\" decoding=\"async\" width=\"891\" height=\"90\" src=\"https:\/\/trabada.gal\/wp-content\/uploads\/2021\/12\/Image-8.jpg\" class=\"attachment-large size-large wp-image-5996\" alt=\"\" srcset=\"https:\/\/trabada.gal\/wp-content\/uploads\/2021\/12\/Image-8.jpg 891w, https:\/\/trabada.gal\/wp-content\/uploads\/2021\/12\/Image-8-300x30.jpg 300w, https:\/\/trabada.gal\/wp-content\/uploads\/2021\/12\/Image-8-768x78.jpg 768w, https:\/\/trabada.gal\/wp-content\/uploads\/2021\/12\/Image-8-18x2.jpg 18w, https:\/\/trabada.gal\/wp-content\/uploads\/2021\/12\/Image-8-600x61.jpg 600w, https:\/\/trabada.gal\/wp-content\/uploads\/2021\/12\/Image-8-560x57.jpg 560w\" sizes=\"(max-width: 891px) 100vw, 891px\" \/>\t\t\t\t\t\t\t\t\t\t\t\t\t\t\t<\/div>\n\t\t\t\t<\/div>\n\t\t\t\t\t<\/div>\n\t\t<\/div>\n\t\t\t\t\t<\/div>\n\t\t<\/section>\n\t\t\t\t<\/div>","protected":false},"excerpt":{"rendered":"<p>O Concello de Trabada conta cun novo punto limpo m\u00f3bil, co que pretende facilitarlle aos veci\u00f1os e veci\u00f1as a reciclaxe de residuos, ademais de impulsar a sensibilizaci\u00f3n ambiental. O concello obtivo unha achega de 70.000 euros para esta actuaci\u00f3n, financiada pola Xunta de Galicia a trav\u00e9s da li\u00f1a de subvenci\u00f3ns en materia de residuos de [&hellip;]<\/p>\n","protected":false},"author":2,"featured_media":5952,"comment_status":"closed","ping_status":"closed","sticky":false,"template":"","format":"standard","meta":{"footnotes":""},"categories":[1],"tags":[],"class_list":["post-5951","post","type-post","status-publish","format-standard","has-post-thumbnail","hentry","category-trabada"],"_links":{"self":[{"href":"https:\/\/trabada.gal\/gl\/wp-json\/wp\/v2\/posts\/5951","targetHints":{"allow":["GET"]}}],"collection":[{"href":"https:\/\/trabada.gal\/gl\/wp-json\/wp\/v2\/posts"}],"about":[{"href":"https:\/\/trabada.gal\/gl\/wp-json\/wp\/v2\/types\/post"}],"author":[{"embeddable":true,"href":"https:\/\/trabada.gal\/gl\/wp-json\/wp\/v2\/users\/2"}],"replies":[{"embeddable":true,"href":"https:\/\/trabada.gal\/gl\/wp-json\/wp\/v2\/comments?post=5951"}],"version-history":[{"count":0,"href":"https:\/\/trabada.gal\/gl\/wp-json\/wp\/v2\/posts\/5951\/revisions"}],"wp:featuredmedia":[{"embeddable":true,"href":"https:\/\/trabada.gal\/gl\/wp-json\/wp\/v2\/media\/5952"}],"wp:attachment":[{"href":"https:\/\/trabada.gal\/gl\/wp-json\/wp\/v2\/media?parent=5951"}],"wp:term":[{"taxonomy":"category","embeddable":true,"href":"https:\/\/trabada.gal\/gl\/wp-json\/wp\/v2\/categories?post=5951"},{"taxonomy":"post_tag","embeddable":true,"href":"https:\/\/trabada.gal\/gl\/wp-json\/wp\/v2\/tags?post=5951"}],"curies":[{"name":"wp","href":"https:\/\/api.w.org\/{rel}","templated":true}]}}