{"id":5956,"date":"2022-01-12T15:06:10","date_gmt":"2022-01-12T15:06:10","guid":{"rendered":"https:\/\/trabada.gal\/?p=5956"},"modified":"2022-01-12T15:06:11","modified_gmt":"2022-01-12T15:06:11","slug":"o-concello-de-trabada-consigue-unhas-novas-axudas-para-instalar-tres-puntos-de-recarga-de-vehiculos-electricos","status":"publish","type":"post","link":"https:\/\/trabada.gal\/gl\/2022\/01\/12\/o-concello-de-trabada-consigue-unhas-novas-axudas-para-instalar-tres-puntos-de-recarga-de-vehiculos-electricos\/","title":{"rendered":"O CONCELLO DE TRABADA CONSIGUE UNHAS NOVAS AXUDAS PARA INSTALAR TRES PUNTOS DE RECARGA DE VEH\u00cdCULOS EL\u00c9CTRICOS"},"content":{"rendered":"<p>O Concello de Trabada informa aos seus veci\u00f1os e veci\u00f1as da pr\u00f3xima instalaci\u00f3n de tres puntos de recarga de veh\u00edculos el\u00e9ctricos no municipio, grazas \u00e1 obtenci\u00f3n dunhas novas axudas convocadas pola Xunta de Galicia con fondos do Goberno.<\/p>\n\n\n\n<p>A alcaldesa de Trabada, Mayra Garc\u00eda Berm\u00fadez, decidiu solicitar esta subvenci\u00f3n \u201cxa que \u00e9 moi necesario no rural avanzar no relativo \u00e1 mobilidade el\u00e9ctrica, e para elo \u00e9 preciso dotar o municipio de puntos de recarga de veh\u00edculos el\u00e9ctricos, m\u00e1is se cabe tendo en conta que en Trabada non hai ningunha gasolineira\u201d.<\/p>\n\n\n\n<p>Os puntos de recarga estar\u00e1n emplazados nas inmediaci\u00f3ns da \u00e1rea de autocaravanas de R\u00eda de Abres, nas inmediaci\u00f3ns do Centro Etnogr\u00e1fico Xos\u00e9 Rocha e no almac\u00e9n municipal, situado no edificio do Centro de Sa\u00fade e da Casa da Cultura.<\/p>\n\n\n\n<p>Esta convocatoria de axudas era tam\u00e9n en concorrencia competitiva. Neste caso, o prazo de solicitude abr\u00edase un luns \u00e1s 09.00 horas da ma\u00f1\u00e1 a trav\u00e9s da aplicaci\u00f3n do Inega e foi de novo a alcaldesa de Trabada a encargada de tramitala persoalmente.<\/p>\n\n\n\n<p>A concesi\u00f3n destas axudas est\u00e1 supeditada ao financiamento por parte do Ministerio para a Transici\u00f3n Ecol\u00f3xica e o Reto Demogr\u00e1fico, no marco do plan MOVES III.<\/p>\n\n\n\n<p>O Concello de Trabada presentou en concreto tres solicitudes, cun orzamento de 12.713,83 euros, o que sup\u00f3n un investimento de 38.141,49 euros, dos cales a Xunta de Galicia financia cos fondos que lle transfire o Goberno 30.513,18 euros e o concello asume con cargo aos fondos propios 7.628,31 euros.<\/p>","protected":false},"excerpt":{"rendered":"<p>O Concello de Trabada informa aos seus veci\u00f1os e veci\u00f1as da pr\u00f3xima instalaci\u00f3n de tres puntos de recarga de veh\u00edculos el\u00e9ctricos no municipio, grazas \u00e1 obtenci\u00f3n dunhas novas axudas convocadas pola Xunta de Galicia con fondos do Goberno. A alcaldesa de Trabada, Mayra Garc\u00eda Berm\u00fadez, decidiu solicitar esta subvenci\u00f3n \u201cxa que \u00e9 moi necesario no [&hellip;]<\/p>\n","protected":false},"author":2,"featured_media":5957,"comment_status":"closed","ping_status":"closed","sticky":false,"template":"","format":"standard","meta":{"footnotes":""},"categories":[1],"tags":[],"class_list":["post-5956","post","type-post","status-publish","format-standard","has-post-thumbnail","hentry","category-trabada"],"_links":{"self":[{"href":"https:\/\/trabada.gal\/gl\/wp-json\/wp\/v2\/posts\/5956","targetHints":{"allow":["GET"]}}],"collection":[{"href":"https:\/\/trabada.gal\/gl\/wp-json\/wp\/v2\/posts"}],"about":[{"href":"https:\/\/trabada.gal\/gl\/wp-json\/wp\/v2\/types\/post"}],"author":[{"embeddable":true,"href":"https:\/\/trabada.gal\/gl\/wp-json\/wp\/v2\/users\/2"}],"replies":[{"embeddable":true,"href":"https:\/\/trabada.gal\/gl\/wp-json\/wp\/v2\/comments?post=5956"}],"version-history":[{"count":0,"href":"https:\/\/trabada.gal\/gl\/wp-json\/wp\/v2\/posts\/5956\/revisions"}],"wp:featuredmedia":[{"embeddable":true,"href":"https:\/\/trabada.gal\/gl\/wp-json\/wp\/v2\/media\/5957"}],"wp:attachment":[{"href":"https:\/\/trabada.gal\/gl\/wp-json\/wp\/v2\/media?parent=5956"}],"wp:term":[{"taxonomy":"category","embeddable":true,"href":"https:\/\/trabada.gal\/gl\/wp-json\/wp\/v2\/categories?post=5956"},{"taxonomy":"post_tag","embeddable":true,"href":"https:\/\/trabada.gal\/gl\/wp-json\/wp\/v2\/tags?post=5956"}],"curies":[{"name":"wp","href":"https:\/\/api.w.org\/{rel}","templated":true}]}}