{"id":5960,"date":"2022-01-20T14:19:09","date_gmt":"2022-01-20T14:19:09","guid":{"rendered":"https:\/\/trabada.gal\/?p=5960"},"modified":"2022-01-20T14:19:10","modified_gmt":"2022-01-20T14:19:10","slug":"o-concello-de-trabada-promociona-en-fitur-o-seu-patrimonio-natural-e-o-novo-museo-etnografico","status":"publish","type":"post","link":"https:\/\/trabada.gal\/gl\/2022\/01\/20\/o-concello-de-trabada-promociona-en-fitur-o-seu-patrimonio-natural-e-o-novo-museo-etnografico\/","title":{"rendered":"O CONCELLO DE TRABADA PROMOCIONA EN FITUR O SEU PATRIMONIO NATURAL E O NOVO MUSEO ETNOGR\u00c1FICO"},"content":{"rendered":"<p>O Concello de Trabada est\u00e1 presente na edici\u00f3n 2022 de Fitur, unha das feiras tur\u00edsticas m\u00e1is importantes do mundo, onde promociona o seu patrimonio natural e paisax\u00edstico, as\u00ed como o novo museo etnogr\u00e1fico.<\/p>\n\n\n\n<p>\u201cPara n\u00f3s \u00e9 moi importante estar aqu\u00ed, cada ano son m\u00e1is as entidades e persoas interesadas en Fitur polos atractivos paisax\u00edsticos e patrimoniais que ofrece Trabada\u201d, asegura a alcaldesa, Mayra Garc\u00eda Berm\u00fadez, que hoxe est\u00e1 na feira representando ao concello.<\/p>\n\n\n\n<p>Unha das novidades este ano dentro da promoci\u00f3n de Trabada \u00e9 o Centro Etnogr\u00e1fico Jos\u00e9 Rocha, que durante d\u00e9cadas coleccionou obxectos e obras antigas de todo tipo. Con todo este legado e nun acto de xenerosidade, hai varios anos comezou a impulsarse este proxecto, que desde o pasado ver\u00e1n \u00e9 unha realidade e un \u00e9xito.<\/p>\n\n\n\n<p>Outro dos recursos que serviron para incrementar o potencial tur\u00edstico de Trabada foi o espazo de autocaravanas, que desde o pasado mes de decembro conta ademais con alumeado ornamental para desestacionalizar o seu uso.<\/p>\n\n\n\n<p>Durante a xornada de hoxe, a alcaldesa de Trabada mantivo reuni\u00f3ns co secretario de Estado de Turismo, Fernando Vald\u00e9s, e co secretario xeral para o Reto Demogr\u00e1fico, Francisco Boya.<\/p>\n\n\n\n<p>Na promoci\u00f3n do concello en Fitur son tam\u00e9n protagonistas as rutas de sendeirismo, como a da Fraga de Becerreira; a Fraga de Vilapena; a ruta do Vento; a ruta de subida ao Picato, e a ruta do Monte Roxal-Teixido.<\/p>\n\n\n\n<p>\u201cOs destinos de natureza son cada vez m\u00e1is demandados, e moito m\u00e1is desde o comezo da pandemia, polo que Trabada ten moito que ofrecer e cada vez recibe m\u00e1is visitantes\u201d, engade Garc\u00eda Berm\u00fadez, que puxo tam\u00e9n en valor en Fitur as actividades deportivas no r\u00edo Eo e o Cami\u00f1o do Norte a Santiago, do que Trabada forma parte.<\/p>","protected":false},"excerpt":{"rendered":"<p>O Concello de Trabada est\u00e1 presente na edici\u00f3n 2022 de Fitur, unha das feiras tur\u00edsticas m\u00e1is importantes do mundo, onde promociona o seu patrimonio natural e paisax\u00edstico, as\u00ed como o novo museo etnogr\u00e1fico. \u201cPara n\u00f3s \u00e9 moi importante estar aqu\u00ed, cada ano son m\u00e1is as entidades e persoas interesadas en Fitur polos atractivos paisax\u00edsticos e [&hellip;]<\/p>\n","protected":false},"author":2,"featured_media":5961,"comment_status":"closed","ping_status":"closed","sticky":false,"template":"","format":"standard","meta":{"footnotes":""},"categories":[1],"tags":[],"class_list":["post-5960","post","type-post","status-publish","format-standard","has-post-thumbnail","hentry","category-trabada"],"_links":{"self":[{"href":"https:\/\/trabada.gal\/gl\/wp-json\/wp\/v2\/posts\/5960","targetHints":{"allow":["GET"]}}],"collection":[{"href":"https:\/\/trabada.gal\/gl\/wp-json\/wp\/v2\/posts"}],"about":[{"href":"https:\/\/trabada.gal\/gl\/wp-json\/wp\/v2\/types\/post"}],"author":[{"embeddable":true,"href":"https:\/\/trabada.gal\/gl\/wp-json\/wp\/v2\/users\/2"}],"replies":[{"embeddable":true,"href":"https:\/\/trabada.gal\/gl\/wp-json\/wp\/v2\/comments?post=5960"}],"version-history":[{"count":0,"href":"https:\/\/trabada.gal\/gl\/wp-json\/wp\/v2\/posts\/5960\/revisions"}],"wp:featuredmedia":[{"embeddable":true,"href":"https:\/\/trabada.gal\/gl\/wp-json\/wp\/v2\/media\/5961"}],"wp:attachment":[{"href":"https:\/\/trabada.gal\/gl\/wp-json\/wp\/v2\/media?parent=5960"}],"wp:term":[{"taxonomy":"category","embeddable":true,"href":"https:\/\/trabada.gal\/gl\/wp-json\/wp\/v2\/categories?post=5960"},{"taxonomy":"post_tag","embeddable":true,"href":"https:\/\/trabada.gal\/gl\/wp-json\/wp\/v2\/tags?post=5960"}],"curies":[{"name":"wp","href":"https:\/\/api.w.org\/{rel}","templated":true}]}}