{"id":5963,"date":"2022-01-26T14:51:15","date_gmt":"2022-01-26T14:51:15","guid":{"rendered":"https:\/\/trabada.gal\/?p=5963"},"modified":"2022-01-26T14:51:16","modified_gmt":"2022-01-26T14:51:16","slug":"o-concello-de-trabada-amplia-ata-outubro-de-2025-o-convenio-coa-deputacion-de-lugo-para-a-xestion-do-centro-de-atencion-aos-maiores","status":"publish","type":"post","link":"https:\/\/trabada.gal\/gl\/2022\/01\/26\/o-concello-de-trabada-amplia-ata-outubro-de-2025-o-convenio-coa-deputacion-de-lugo-para-a-xestion-do-centro-de-atencion-aos-maiores\/","title":{"rendered":"O CONCELLO DE TRABADA AMPL\u00cdA ATA OUTUBRO DE 2025 O CONVENIO COA DEPUTACI\u00d3N DE LUGO PARA A XESTI\u00d3N DO CENTRO DE ATENCI\u00d3N AOS MAIORES"},"content":{"rendered":"<p>O Concello de Trabada aprobou hoxe nun pleno municipal unha addenda ao convenio que ten coa Deputaci\u00f3n de Lugo para a xesti\u00f3n do Centro de Atenci\u00f3n aos Maiores, ampliando a s\u00faa vixencia ata outubro de 2025.<\/p>\n\n\n\n<p>Desta forma, o concello obt\u00e9n a garant\u00eda de que continuar\u00e1 a xesti\u00f3n do centro nas mesmas condici\u00f3ns que as actuais, dando servizo a d\u00eda de hoxe a 30 persoas usuarias.<\/p>\n\n\n\n<p>\u201cPara o noso concello \u00e9 moi importante manter este modelo de xesti\u00f3n do centro, a trav\u00e9s do cal se atende a calquera veci\u00f1o con independencia da s\u00faa capacidade econ\u00f3mica\u201d, asegura a alcaldesa, Mayra Garc\u00eda Bermudez, que pon tam\u00e9n en valor unha vez m\u00e1is \u201ca labor de todos os profesionais que traballan coidando dos nosos maiores\u201d.<\/p>\n\n\n\n<p>Garc\u00eda Berm\u00fadez lembra que \u201ca xesti\u00f3n da residencia de Trabada est\u00e1 centrada nas persoas, un modelo no que se pretende que os maiores mante\u00f1an o v\u00ednculo co seu medio, familiares, amigos e veci\u00f1os, por iso te\u00f1en preferencia no acceso os veci\u00f1os e veci\u00f1as de Trabada; en definitiva, un modelo para que os maiores atopen neste centro o seu fogar\u201d.<\/p>\n\n\n\n<p>No pleno, debatiuse tam\u00e9n sobre a recente cesi\u00f3n duns terreos de Trabada por parte da Deputaci\u00f3n de Lugo ao concello. \u201cO obxectivo \u00e9 presentar algunha iniciativa industrial ou agroforestal para optar \u00e1s axudas europeas \u2018Next Generation\u2019, e para iso \u00e9 condici\u00f3n indispensable que o concello dispo\u00f1a dos terreos\u201d, explicou a alcaldesa. \u00abOs concellos temos m\u00e1is facilidades para concurrir a estes fondos\u00bb, rematou.<\/p>","protected":false},"excerpt":{"rendered":"<p>O Concello de Trabada aprobou hoxe nun pleno municipal unha addenda ao convenio que ten coa Deputaci\u00f3n de Lugo para a xesti\u00f3n do Centro de Atenci\u00f3n aos Maiores, ampliando a s\u00faa vixencia ata outubro de 2025. Desta forma, o concello obt\u00e9n a garant\u00eda de que continuar\u00e1 a xesti\u00f3n do centro nas mesmas condici\u00f3ns que as [&hellip;]<\/p>\n","protected":false},"author":2,"featured_media":5965,"comment_status":"closed","ping_status":"closed","sticky":false,"template":"","format":"standard","meta":{"footnotes":""},"categories":[1],"tags":[],"class_list":["post-5963","post","type-post","status-publish","format-standard","has-post-thumbnail","hentry","category-trabada"],"_links":{"self":[{"href":"https:\/\/trabada.gal\/gl\/wp-json\/wp\/v2\/posts\/5963","targetHints":{"allow":["GET"]}}],"collection":[{"href":"https:\/\/trabada.gal\/gl\/wp-json\/wp\/v2\/posts"}],"about":[{"href":"https:\/\/trabada.gal\/gl\/wp-json\/wp\/v2\/types\/post"}],"author":[{"embeddable":true,"href":"https:\/\/trabada.gal\/gl\/wp-json\/wp\/v2\/users\/2"}],"replies":[{"embeddable":true,"href":"https:\/\/trabada.gal\/gl\/wp-json\/wp\/v2\/comments?post=5963"}],"version-history":[{"count":0,"href":"https:\/\/trabada.gal\/gl\/wp-json\/wp\/v2\/posts\/5963\/revisions"}],"wp:featuredmedia":[{"embeddable":true,"href":"https:\/\/trabada.gal\/gl\/wp-json\/wp\/v2\/media\/5965"}],"wp:attachment":[{"href":"https:\/\/trabada.gal\/gl\/wp-json\/wp\/v2\/media?parent=5963"}],"wp:term":[{"taxonomy":"category","embeddable":true,"href":"https:\/\/trabada.gal\/gl\/wp-json\/wp\/v2\/categories?post=5963"},{"taxonomy":"post_tag","embeddable":true,"href":"https:\/\/trabada.gal\/gl\/wp-json\/wp\/v2\/tags?post=5963"}],"curies":[{"name":"wp","href":"https:\/\/api.w.org\/{rel}","templated":true}]}}