{"id":5968,"date":"2022-01-28T18:05:35","date_gmt":"2022-01-28T18:05:35","guid":{"rendered":"https:\/\/trabada.gal\/?p=5968"},"modified":"2022-01-28T18:05:36","modified_gmt":"2022-01-28T18:05:36","slug":"as-obras-para-a-renovacion-integral-e-a-humanizacion-da-rua-cotarelo-entran-na-sua-recta-final","status":"publish","type":"post","link":"https:\/\/trabada.gal\/gl\/2022\/01\/28\/as-obras-para-a-renovacion-integral-e-a-humanizacion-da-rua-cotarelo-entran-na-sua-recta-final\/","title":{"rendered":"AS OBRAS PARA A RENOVACI\u00d3N INTEGRAL E A HUMANIZACI\u00d3N DA R\u00daA COTARELO ENTRAN NA S\u00daA RECTA FINAL"},"content":{"rendered":"\n<p>A alcaldesa do <a href=\"https:\/\/www.facebook.com\/Concello-de-Trabada-104654019876363\/?__cft__[0]=AZWFt8epThzPxaETWn9OTO4RT3mpAnx8EeLbk0op64YJDH-H6CPpjQaQWMQwzsEl7Gc4ij7JFn95WhPeK3PNJBtAF1D3CSsmMQnwiv35u1qEKhwDDdrSixMZR9M16ib5tho7vFQ_oX7O4MLh_RKIR1PHK5mdVjdgRW_nfbYk7PEKJQ&amp;__tn__=kK-R\">Concello de Trabada<\/a>, <a href=\"https:\/\/www.facebook.com\/mayra.garciabermudez?__cft__[0]=AZWFt8epThzPxaETWn9OTO4RT3mpAnx8EeLbk0op64YJDH-H6CPpjQaQWMQwzsEl7Gc4ij7JFn95WhPeK3PNJBtAF1D3CSsmMQnwiv35u1qEKhwDDdrSixMZR9M16ib5tho7vFQ_oX7O4MLh_RKIR1PHK5mdVjdgRW_nfbYk7PEKJQ&amp;__tn__=-]K-R\">Mayra Garc\u00eda Berm\u00fadez<\/a>, xunto aos concelleiros Rub\u00e9n Garc\u00eda e Julia Barcia, estiveron hoxe supervisando as obras de renovaci\u00f3n integral e humanizaci\u00f3n da r\u00faa Cotarelo, xa na s\u00faa \u00faltima fase.O Concello de Trabada conseguiu unha subvenci\u00f3n da Xunta de Galicia para cofinanciar esta actuaci\u00f3n nun dos viais m\u00e1s c\u00e9ntricos do municipio.<\/p>\n\n\n\n<p>O orzamento total era de 121.000 euros, pero despois da licitaci\u00f3n prod\u00faxose unha baixa econ\u00f3mica, adxudic\u00e1ndose por 108.295 euros. O concello aporta 40.535 euros, correspondendo o resto ao goberno auton\u00f3mico, a trav\u00e9s dunha axuda de 67.760 euros que tramitou persoalmente a alcaldesa.<\/p>\n\n\n\n<p>\u201c\u00c9 un proxecto moi importante para unha das principais arterias do noso concello, dotando a zona de novos servizos e humanizando a contorna para facela mais habitable, mellorando as\u00ed a vida diaria dos nosos veci\u00f1os e veci\u00f1as\u201d, explica Garc\u00eda Berm\u00fadez.<\/p>\n\n\n\n<p>Adem\u00e1is, a r\u00faa Cotarelo confl\u00fae no seu inicio coa R\u00faa do Concello, pola que transcurre o Cami\u00f1o de Santiago Norte\u2013Ruta da Costa, declarado Patrimonio da Humanidade; en frente est\u00e1 situado o concello e un espazo p\u00fablico que conta cunha praza, un parque infantil e a Igrexa Parroquial, polo que tam\u00e9n mellorar\u00e1 a imaxe de Trabada de cara aos turistas e peregrinos.<\/p>\n\n\n\n<p>Antes dos traballos atop\u00e1base cun pavimento moi deteriorado, executado con secci\u00f3ns varias e con dobre sentido de circulaci\u00f3n, onde s\u00f3 hab\u00eda un tramo de beirarr\u00faa nos primeiros metros, na marxe dereita, que tam\u00e9n se atopaba en mal estado.<\/p>\n\n\n\n<p>A renovaci\u00f3n consistiu nunha r\u00faa ao mesmo nivel, con beirarr\u00faas a ambos m\u00e1rxenes, un carril de aparcadoiro pola marxe esquerda e un carril de circulaci\u00f3n de direcci\u00f3n \u00fanica.<\/p>\n\n\n\n<p>Con estas obras dotouse \u00e1 r\u00faa de novas redes de saneamento e abastecemento de auga; alumeado p\u00fablico; canalizaci\u00f3n de baixa tensi\u00f3n e telefon\u00eda; pavimentaci\u00f3n da calzada e das beirarr\u00faas, e sinalizaci\u00f3n vial.<\/p>\n","protected":false},"excerpt":{"rendered":"<p>A alcaldesa do Concello de Trabada, Mayra Garc\u00eda Berm\u00fadez, xunto aos concelleiros Rub\u00e9n Garc\u00eda e Julia Barcia, estiveron hoxe supervisando as obras de renovaci\u00f3n integral e humanizaci\u00f3n da r\u00faa Cotarelo, xa na s\u00faa \u00faltima fase.O Concello de Trabada conseguiu unha subvenci\u00f3n da Xunta de Galicia para cofinanciar esta actuaci\u00f3n nun dos viais m\u00e1s c\u00e9ntricos do [&hellip;]<\/p>\n","protected":false},"author":2,"featured_media":5969,"comment_status":"closed","ping_status":"closed","sticky":false,"template":"","format":"standard","meta":{"footnotes":""},"categories":[1],"tags":[],"class_list":["post-5968","post","type-post","status-publish","format-standard","has-post-thumbnail","hentry","category-trabada"],"_links":{"self":[{"href":"https:\/\/trabada.gal\/gl\/wp-json\/wp\/v2\/posts\/5968","targetHints":{"allow":["GET"]}}],"collection":[{"href":"https:\/\/trabada.gal\/gl\/wp-json\/wp\/v2\/posts"}],"about":[{"href":"https:\/\/trabada.gal\/gl\/wp-json\/wp\/v2\/types\/post"}],"author":[{"embeddable":true,"href":"https:\/\/trabada.gal\/gl\/wp-json\/wp\/v2\/users\/2"}],"replies":[{"embeddable":true,"href":"https:\/\/trabada.gal\/gl\/wp-json\/wp\/v2\/comments?post=5968"}],"version-history":[{"count":0,"href":"https:\/\/trabada.gal\/gl\/wp-json\/wp\/v2\/posts\/5968\/revisions"}],"wp:featuredmedia":[{"embeddable":true,"href":"https:\/\/trabada.gal\/gl\/wp-json\/wp\/v2\/media\/5969"}],"wp:attachment":[{"href":"https:\/\/trabada.gal\/gl\/wp-json\/wp\/v2\/media?parent=5968"}],"wp:term":[{"taxonomy":"category","embeddable":true,"href":"https:\/\/trabada.gal\/gl\/wp-json\/wp\/v2\/categories?post=5968"},{"taxonomy":"post_tag","embeddable":true,"href":"https:\/\/trabada.gal\/gl\/wp-json\/wp\/v2\/tags?post=5968"}],"curies":[{"name":"wp","href":"https:\/\/api.w.org\/{rel}","templated":true}]}}