{"id":5978,"date":"2022-02-11T12:32:34","date_gmt":"2022-02-11T12:32:34","guid":{"rendered":"https:\/\/trabada.gal\/?p=5978"},"modified":"2022-02-11T12:32:35","modified_gmt":"2022-02-11T12:32:35","slug":"o-concello-destinara-o-plan-provincial-unico-de-cooperacion-da-deputacion-aos-programas-de-investimentos-fomento-de-emprego-saf-e-actividades-culturais","status":"publish","type":"post","link":"https:\/\/trabada.gal\/gl\/2022\/02\/11\/o-concello-destinara-o-plan-provincial-unico-de-cooperacion-da-deputacion-aos-programas-de-investimentos-fomento-de-emprego-saf-e-actividades-culturais\/","title":{"rendered":"O CONCELLO DESTINAR\u00c1 O PLAN PROVINCIAL \u00daNICO DE COOPERACI\u00d3N DA DEPUTACI\u00d3N AOS PROGRAMAS DE INVESTIMENTOS, FOMENTO DE EMPREGO, SAF E ACTIVIDADES CULTURAIS"},"content":{"rendered":"<p>O Concello de Trabada aprobou nunha xunta de goberno local as obras e servizos inclu\u00eddos no Plan Provincial \u00danico de Cooperaci\u00f3n cos Concellos 2022 da Deputaci\u00f3n de Lugo, que supor\u00e1n un investimento de m\u00e1is de 260.000 euros.<\/p>\n\n\n\n<p>As obras que se realizar\u00e1n son a rexeneraci\u00f3n do pavimento dos accesos a Vilafernando, Pacios, O Acevedo e Vilaform\u00e1n\u2013Vilapena (79.596,72 euros), e a&nbsp;reforma dos vestiarios do pavill\u00f3n polideportivo da parroquia de Sante (97.287,62 euros).<\/p>\n\n\n\n<p>Un total de 22.040 euros se destinar\u00e1n ao Servizo de Axuda no Fogar (SAF), o que permite ao concello atender aos veci\u00f1os e veci\u00f1as maiores que non te\u00f1en valorada ou reco\u00f1ecida a dependencia por parte da Xunta, porque en moitas ocasi\u00f3ns tardan un ano entre que os valoran e lles asignan o recurso (o que sup\u00f3n que mentras tanto non se poidan atender cando necesitan o servizo). Desta forma, o concello pode dar unha resposta \u00e1xil aos maiores e en cuesti\u00f3n de d\u00edas prestarlles o servizo e atendelos.<\/p>\n\n\n\n<p>En canto ao programa de fomento do emprego, haber\u00e1 unha achega de 53.313,30 euros para a contrataci\u00f3n de&nbsp;persoal de administraci\u00f3n e servizos urban\u00edsticos, ao igual que en anos anteriores. Como novidade, este ano tam\u00e9n se contratar\u00e1 un t\u00e9cnico de turismo a media xornada para a oficina de turismo, situada no recentemente inaugurado Centro Etnogr\u00e1fico \u201cXos\u00e9 Rocha\u201d.<\/p>\n\n\n\n<p>Por \u00faltimo, Trabada recibir\u00e1 6.437,15 euros para a realizaci\u00f3n durante o ano de actividades culturais como&nbsp;concertos musicais, teatro e cine na r\u00faa.<\/p>\n\n\n\n<p>\u201cAs obras dan resposta \u00e1s demandas veci\u00f1ais e ao noso obxectivo de renovar os servizos b\u00e1sicos e as infraestruturas do concello de forma continua\u201d, explica a alcaldesa de Trabada, Mayra Garc\u00eda Berm\u00fadez, que lembra que \u201cas administraci\u00f3ns locais estamos en primeira li\u00f1a de atenci\u00f3n aos veci\u00f1os, de a\u00ed a necesidade tam\u00e9n de reforzar o gasto social e de xerar emprego que garanta os servizos no rural\u201d.<\/p>\n\n\n\n<p>A alcaldesa valora de forma moi positiva esta forma de cooperaci\u00f3n cos concellos da Deputaci\u00f3n, \u201cpois xa a inicios de ano sabemos cal \u00e9 a achega da Deputaci\u00f3n aos concellos, o que sup\u00f3n que efectivamente poidamos executar os proxectos que presentamos\u201d, a diferencia da Xunta, \u201cque establece convocatorias de axudas e hai que agardar meses para que resolva a s\u00faa concesi\u00f3n ou denegaci\u00f3n, o que sup\u00f3n que no mellor dos casos, coa concesi\u00f3n das axudas se retrasen as execuci\u00f3ns dos proxectos, ou no caso de denegar as axudas que despois de pasar o traballo de facer a solicitude e de efectuar o gasto da redacci\u00f3n dos proxectos, non se poidan levar a cabo as actuaci\u00f3ns pola falta de colaboraci\u00f3n\u201d.<\/p>","protected":false},"excerpt":{"rendered":"<p>O Concello de Trabada aprobou nunha xunta de goberno local as obras e servizos inclu\u00eddos no Plan Provincial \u00danico de Cooperaci\u00f3n cos Concellos 2022 da Deputaci\u00f3n de Lugo, que supor\u00e1n un investimento de m\u00e1is de 260.000 euros. As obras que se realizar\u00e1n son a rexeneraci\u00f3n do pavimento dos accesos a Vilafernando, Pacios, O Acevedo e [&hellip;]<\/p>\n","protected":false},"author":2,"featured_media":5979,"comment_status":"closed","ping_status":"closed","sticky":false,"template":"","format":"standard","meta":{"footnotes":""},"categories":[1],"tags":[],"class_list":["post-5978","post","type-post","status-publish","format-standard","has-post-thumbnail","hentry","category-trabada"],"_links":{"self":[{"href":"https:\/\/trabada.gal\/gl\/wp-json\/wp\/v2\/posts\/5978","targetHints":{"allow":["GET"]}}],"collection":[{"href":"https:\/\/trabada.gal\/gl\/wp-json\/wp\/v2\/posts"}],"about":[{"href":"https:\/\/trabada.gal\/gl\/wp-json\/wp\/v2\/types\/post"}],"author":[{"embeddable":true,"href":"https:\/\/trabada.gal\/gl\/wp-json\/wp\/v2\/users\/2"}],"replies":[{"embeddable":true,"href":"https:\/\/trabada.gal\/gl\/wp-json\/wp\/v2\/comments?post=5978"}],"version-history":[{"count":0,"href":"https:\/\/trabada.gal\/gl\/wp-json\/wp\/v2\/posts\/5978\/revisions"}],"wp:featuredmedia":[{"embeddable":true,"href":"https:\/\/trabada.gal\/gl\/wp-json\/wp\/v2\/media\/5979"}],"wp:attachment":[{"href":"https:\/\/trabada.gal\/gl\/wp-json\/wp\/v2\/media?parent=5978"}],"wp:term":[{"taxonomy":"category","embeddable":true,"href":"https:\/\/trabada.gal\/gl\/wp-json\/wp\/v2\/categories?post=5978"},{"taxonomy":"post_tag","embeddable":true,"href":"https:\/\/trabada.gal\/gl\/wp-json\/wp\/v2\/tags?post=5978"}],"curies":[{"name":"wp","href":"https:\/\/api.w.org\/{rel}","templated":true}]}}