{"id":6000,"date":"2022-03-17T13:31:58","date_gmt":"2022-03-17T13:31:58","guid":{"rendered":"https:\/\/trabada.gal\/?p=6000"},"modified":"2022-03-17T13:31:59","modified_gmt":"2022-03-17T13:31:59","slug":"o-concello-iniciou-no-ano-2021-mais-de-20-obras-e-actuacions-para-mellorar-os-servizos-e-infraestruturas-municipais","status":"publish","type":"post","link":"https:\/\/trabada.gal\/gl\/2022\/03\/17\/o-concello-iniciou-no-ano-2021-mais-de-20-obras-e-actuacions-para-mellorar-os-servizos-e-infraestruturas-municipais\/","title":{"rendered":"O CONCELLO INICIOU NO ANO 2021 M\u00c1IS DE 20 OBRAS E ACTUACI\u00d3NS PARA MELLORAR OS SERVIZOS E INFRAESTRUTURAS MUNICIPAIS"},"content":{"rendered":"<p>O Concello de Trabada aprobou en pleno a liquidaci\u00f3n do orzamento do 2021, pechando o exercicio cuns cr\u00e9ditos definitivos de 2.705.280,15 euros, despois de inicialo con 1.592.037,95 euros.<\/p>\n\n\n\n<p>\u201cEsta xesti\u00f3n econ\u00f3mica realizada polo goberno municipal permitiunos levar a cabo numerosas obras para renovar os servizos e infraestruturas p\u00fablicas; actuaci\u00f3ns todas elas dirixidas a mellorar a vida dos nosos veci\u00f1os e veci\u00f1as\u201d, explica a alcaldesa de Trabada, Mayra Garc\u00eda Berm\u00fadez.<\/p>\n\n\n\n<p>En concreto, houbo actuaci\u00f3ns de mellora de instalaci\u00f3ns e equipamentos como o parque infantil na r\u00faa San Roque; o aparcadoiro de autocaravanas; a pista de p\u00e1del; o remate das obras de rehabilitaci\u00f3n da escola de Vilapercide; a reparaci\u00f3n e pintado da fachada da C\u00e1mara Agraria; as tarefas para enfoscar e pintar os muros do pabell\u00f3n de Sante, ou a musealizaci\u00f3n do Centro Etnogr\u00e1fico \u201cXos\u00e9 Rocha\u201d<\/p>\n\n\n\n<p>Polo que respecta \u00e1 rede de estradas e cami\u00f1os, inici\u00e1ronse as obras de mellora da r\u00faa Cotarelo; a pavimentaci\u00f3n dos accesos ao Bargo, Vilauso, Vilasusa, Carreirach\u00e1, Ribela e de Vilapercide \u00e1 Cabana, as\u00ed como a construci\u00f3n da nova ponte de Paxar\u00edn. Mellor\u00e1ronse tam\u00e9n os abastecementos en varios n\u00facleos de Trabada e en Vilarbetote, e adquiriuse un punto limpio m\u00f3bil.<\/p>\n\n\n\n<p>\u201cTodas estas actuaci\u00f3ns l\u00e9vanse a cabo porque o goberno municipal traballa, solicita as axudas e prioriza o orzamento municipal en investimentos\u201d, engade a alcaldesa, \u201cxa que ningunha administraci\u00f3n, nin a Xunta, nin a Diputaci\u00f3n nin o Estado financian investimentos no concello que eu persoalmente non solicite\u201d.<\/p>","protected":false},"excerpt":{"rendered":"<p>O Concello de Trabada aprobou en pleno a liquidaci\u00f3n do orzamento do 2021, pechando o exercicio cuns cr\u00e9ditos definitivos de 2.705.280,15 euros, despois de inicialo con 1.592.037,95 euros. \u201cEsta xesti\u00f3n econ\u00f3mica realizada polo goberno municipal permitiunos levar a cabo numerosas obras para renovar os servizos e infraestruturas p\u00fablicas; actuaci\u00f3ns todas elas dirixidas a mellorar a [&hellip;]<\/p>\n","protected":false},"author":2,"featured_media":6001,"comment_status":"closed","ping_status":"closed","sticky":false,"template":"","format":"standard","meta":{"footnotes":""},"categories":[1],"tags":[],"class_list":["post-6000","post","type-post","status-publish","format-standard","has-post-thumbnail","hentry","category-trabada"],"_links":{"self":[{"href":"https:\/\/trabada.gal\/gl\/wp-json\/wp\/v2\/posts\/6000","targetHints":{"allow":["GET"]}}],"collection":[{"href":"https:\/\/trabada.gal\/gl\/wp-json\/wp\/v2\/posts"}],"about":[{"href":"https:\/\/trabada.gal\/gl\/wp-json\/wp\/v2\/types\/post"}],"author":[{"embeddable":true,"href":"https:\/\/trabada.gal\/gl\/wp-json\/wp\/v2\/users\/2"}],"replies":[{"embeddable":true,"href":"https:\/\/trabada.gal\/gl\/wp-json\/wp\/v2\/comments?post=6000"}],"version-history":[{"count":0,"href":"https:\/\/trabada.gal\/gl\/wp-json\/wp\/v2\/posts\/6000\/revisions"}],"wp:featuredmedia":[{"embeddable":true,"href":"https:\/\/trabada.gal\/gl\/wp-json\/wp\/v2\/media\/6001"}],"wp:attachment":[{"href":"https:\/\/trabada.gal\/gl\/wp-json\/wp\/v2\/media?parent=6000"}],"wp:term":[{"taxonomy":"category","embeddable":true,"href":"https:\/\/trabada.gal\/gl\/wp-json\/wp\/v2\/categories?post=6000"},{"taxonomy":"post_tag","embeddable":true,"href":"https:\/\/trabada.gal\/gl\/wp-json\/wp\/v2\/tags?post=6000"}],"curies":[{"name":"wp","href":"https:\/\/api.w.org\/{rel}","templated":true}]}}