{"id":6004,"date":"2022-03-17T17:37:35","date_gmt":"2022-03-17T17:37:35","guid":{"rendered":"https:\/\/trabada.gal\/?p=6004"},"modified":"2022-03-17T17:37:36","modified_gmt":"2022-03-17T17:37:36","slug":"o-concello-de-trabada-pon-en-marcha-unha-campana-solidaria-de-apoio-ao-pobo-ucraino","status":"publish","type":"post","link":"https:\/\/trabada.gal\/gl\/2022\/03\/17\/o-concello-de-trabada-pon-en-marcha-unha-campana-solidaria-de-apoio-ao-pobo-ucraino\/","title":{"rendered":"O CONCELLO DE TRABADA PON EN MARCHA UNHA CAMPA\u00d1A SOLIDARIA DE APOIO AO POBO UCRA\u00cdNO"},"content":{"rendered":"<p>O Concello de Trabada, en colaboraci\u00f3n coa Federaci\u00f3n Galega de Municipios e Provincias (FEGAMP), pon en marcha unha campa\u00f1a solidaria de apoio ao pobo ucra\u00edno que ten como obxectivo contribu\u00edr a paliar a crise humanitaria que est\u00e1 a sufrir o pa\u00eds.<\/p>\n\n\n\n<p>A trav\u00e9s desta campa\u00f1a humanitaria, o concello pon a disposici\u00f3n dos refuxiados ucra\u00ednos as antigas escolas como vivendas dispo\u00f1ibles para o seu acollemento, e habilita unha conta solidaria, coa finalidade de recadar fondos para atender as necesidades m\u00e1is urxentes da poboaci\u00f3n afectada polo conflicto. As persoas que desexen colaborar poder\u00e1n realizar un donativo na seguinte conta bancaria:<\/p>\n\n\n\n<p>ES49 2080 0161 9531 1000 0096.<\/p>\n\n\n\n<p>O concello abre tam\u00e9n a posibilidade de acollemento dos refuxiados por familias nos seus domicilios particulares, proporcion\u00e1ndolles aloxamento alternativo. Para m\u00e1is informaci\u00f3n, os interesados poder\u00e1n dirixirse ao departamento de Servizos Sociais do Concello (982 135011).<\/p>\n\n\n\n<p>Ademais desta campa\u00f1a, o pleno aprobou unha moci\u00f3n impulsada polo grupo socialista para \u201creclamar a fin das hostilidades e o retorno \u00e1 v\u00eda da negociaci\u00f3n e da diplomacia, reiterando a necesidade de cumprir cos Acordos de Minsk e co dereito internacional\u201d.<\/p>\n\n\n\n<p>O texto expresa a solidariedade \u201ccon todas a v\u00edtimas deste conflito, dando todo o noso apoio \u00e1s organizaci\u00f3ns que traballan pola defensa e protecci\u00f3n dos dereitos humanos\u201d.<\/p>","protected":false},"excerpt":{"rendered":"<p>O Concello de Trabada, en colaboraci\u00f3n coa Federaci\u00f3n Galega de Municipios e Provincias (FEGAMP), pon en marcha unha campa\u00f1a solidaria de apoio ao pobo ucra\u00edno que ten como obxectivo contribu\u00edr a paliar a crise humanitaria que est\u00e1 a sufrir o pa\u00eds. A trav\u00e9s desta campa\u00f1a humanitaria, o concello pon a disposici\u00f3n dos refuxiados ucra\u00ednos as [&hellip;]<\/p>\n","protected":false},"author":2,"featured_media":6005,"comment_status":"closed","ping_status":"closed","sticky":false,"template":"","format":"standard","meta":{"footnotes":""},"categories":[1],"tags":[],"class_list":["post-6004","post","type-post","status-publish","format-standard","has-post-thumbnail","hentry","category-trabada"],"_links":{"self":[{"href":"https:\/\/trabada.gal\/gl\/wp-json\/wp\/v2\/posts\/6004","targetHints":{"allow":["GET"]}}],"collection":[{"href":"https:\/\/trabada.gal\/gl\/wp-json\/wp\/v2\/posts"}],"about":[{"href":"https:\/\/trabada.gal\/gl\/wp-json\/wp\/v2\/types\/post"}],"author":[{"embeddable":true,"href":"https:\/\/trabada.gal\/gl\/wp-json\/wp\/v2\/users\/2"}],"replies":[{"embeddable":true,"href":"https:\/\/trabada.gal\/gl\/wp-json\/wp\/v2\/comments?post=6004"}],"version-history":[{"count":0,"href":"https:\/\/trabada.gal\/gl\/wp-json\/wp\/v2\/posts\/6004\/revisions"}],"wp:featuredmedia":[{"embeddable":true,"href":"https:\/\/trabada.gal\/gl\/wp-json\/wp\/v2\/media\/6005"}],"wp:attachment":[{"href":"https:\/\/trabada.gal\/gl\/wp-json\/wp\/v2\/media?parent=6004"}],"wp:term":[{"taxonomy":"category","embeddable":true,"href":"https:\/\/trabada.gal\/gl\/wp-json\/wp\/v2\/categories?post=6004"},{"taxonomy":"post_tag","embeddable":true,"href":"https:\/\/trabada.gal\/gl\/wp-json\/wp\/v2\/tags?post=6004"}],"curies":[{"name":"wp","href":"https:\/\/api.w.org\/{rel}","templated":true}]}}