{"id":6007,"date":"2022-03-24T17:02:53","date_gmt":"2022-03-24T17:02:53","guid":{"rendered":"https:\/\/trabada.gal\/?p=6007"},"modified":"2022-03-24T17:02:54","modified_gmt":"2022-03-24T17:02:54","slug":"trabada-adxudica-as-obras-para-renovar-o-ximnasio-e-os-vestiarios-do-pavillon-polideportivo-municipal","status":"publish","type":"post","link":"https:\/\/trabada.gal\/gl\/2022\/03\/24\/trabada-adxudica-as-obras-para-renovar-o-ximnasio-e-os-vestiarios-do-pavillon-polideportivo-municipal\/","title":{"rendered":"TRABADA ADXUDICA AS OBRAS PARA RENOVAR O XIMNASIO E OS VESTIARIOS DO PAVILL\u00d3N POLIDEPORTIVO MUNICIPAL"},"content":{"rendered":"<p>O Concello de Trabada adxudicou as obras para a realizaci\u00f3n de diferentes melloras nos vestiarios e no ximnasio do pavill\u00f3n polideportivo municipal.<\/p>\n\n\n\n<p>En concreto, a actuaci\u00f3n nos vestiarios ser\u00e1 na zona das duchas, renovando o pavimento por un novo e antideslizante, ademais de mellorar a rede de saneamento e os desag\u00fces.<\/p>\n\n\n\n<p>No ximnasio, renovarase a maquinaria existente, como as cintas de correr, as bicicletas e os aparatos de musculaci\u00f3n, ademais de repo\u00f1er os espellos existentes.<\/p>\n\n\n\n<p>Nas d\u00faas actuaci\u00f3ns nos vestiarios e o ximnasio, o Concello de Trabada investir\u00e1 m\u00e1is de 35.000 euros, adaptando as instalaci\u00f3ns \u00e1s necesidades dos usuarios.<\/p>\n\n\n\n<p>\u201cCon estes traballos, continuamos co noso plan de mellora continua das infraestruturas municipais\u201d, asegura a alcaldesa, Mayra Garc\u00eda Berm\u00fadez.<\/p>\n\n\n\n<p>\u201cPara o noso grupo de goberno, o deporte e os h\u00e1bitos de vida saudables son prioritarios, polo que estas melloras no polideportivo eran moi necesarias\u201d, engade.<\/p>","protected":false},"excerpt":{"rendered":"<p>O Concello de Trabada adxudicou as obras para a realizaci\u00f3n de diferentes melloras nos vestiarios e no ximnasio do pavill\u00f3n polideportivo municipal. En concreto, a actuaci\u00f3n nos vestiarios ser\u00e1 na zona das duchas, renovando o pavimento por un novo e antideslizante, ademais de mellorar a rede de saneamento e os desag\u00fces. No ximnasio, renovarase a [&hellip;]<\/p>\n","protected":false},"author":2,"featured_media":6008,"comment_status":"closed","ping_status":"closed","sticky":false,"template":"","format":"standard","meta":{"footnotes":""},"categories":[1],"tags":[],"class_list":["post-6007","post","type-post","status-publish","format-standard","has-post-thumbnail","hentry","category-trabada"],"_links":{"self":[{"href":"https:\/\/trabada.gal\/gl\/wp-json\/wp\/v2\/posts\/6007","targetHints":{"allow":["GET"]}}],"collection":[{"href":"https:\/\/trabada.gal\/gl\/wp-json\/wp\/v2\/posts"}],"about":[{"href":"https:\/\/trabada.gal\/gl\/wp-json\/wp\/v2\/types\/post"}],"author":[{"embeddable":true,"href":"https:\/\/trabada.gal\/gl\/wp-json\/wp\/v2\/users\/2"}],"replies":[{"embeddable":true,"href":"https:\/\/trabada.gal\/gl\/wp-json\/wp\/v2\/comments?post=6007"}],"version-history":[{"count":0,"href":"https:\/\/trabada.gal\/gl\/wp-json\/wp\/v2\/posts\/6007\/revisions"}],"wp:featuredmedia":[{"embeddable":true,"href":"https:\/\/trabada.gal\/gl\/wp-json\/wp\/v2\/media\/6008"}],"wp:attachment":[{"href":"https:\/\/trabada.gal\/gl\/wp-json\/wp\/v2\/media?parent=6007"}],"wp:term":[{"taxonomy":"category","embeddable":true,"href":"https:\/\/trabada.gal\/gl\/wp-json\/wp\/v2\/categories?post=6007"},{"taxonomy":"post_tag","embeddable":true,"href":"https:\/\/trabada.gal\/gl\/wp-json\/wp\/v2\/tags?post=6007"}],"curies":[{"name":"wp","href":"https:\/\/api.w.org\/{rel}","templated":true}]}}