{"id":6011,"date":"2022-03-28T14:54:56","date_gmt":"2022-03-28T14:54:56","guid":{"rendered":"https:\/\/trabada.gal\/?p=6011"},"modified":"2022-03-28T14:54:57","modified_gmt":"2022-03-28T14:54:57","slug":"o-centro-de-saude-de-trabada-atopase-hoxe-en-dia-sen-medico-por-diversos-motivos-e-o-concello-demanda-ao-sergas-unha-solucion-inmediata","status":"publish","type":"post","link":"https:\/\/trabada.gal\/gl\/2022\/03\/28\/o-centro-de-saude-de-trabada-atopase-hoxe-en-dia-sen-medico-por-diversos-motivos-e-o-concello-demanda-ao-sergas-unha-solucion-inmediata\/","title":{"rendered":"O CENTRO DE SA\u00daDE DE TRABADA AT\u00d3PASE HOXE EN D\u00cdA SEN M\u00c9DICO POR DIVERSOS MOTIVOS E O CONCELLO DEMANDA AO SERGAS UNHA SOLUCI\u00d3N INMEDIATA"},"content":{"rendered":"<p>O Concello de Trabada demanda ao Sergas unha soluci\u00f3n inmediata \u00e1 situaci\u00f3n na que se atopa a d\u00eda de hoxe o centro de sa\u00fade, sen m\u00e9dico por diversos motivos.<\/p>\n\n\n\n<p>\u201c\u00c9 unha situaci\u00f3n que non se pode repetir, os veci\u00f1as e veci\u00f1as de Trabada merecen uns servizos p\u00fablicos de calidade e atenci\u00f3n m\u00e9dica sen desprazarse, polo que o Sergas debe solucionar este problema de inmediato\u201d, asegura a alcaldesa, Mayra Garc\u00eda Berm\u00fadez.<\/p>\n\n\n\n<p>A alcaldesa remitiulle un escrito ao director xeral de Asistencia Sanitaria da Xunta, Jorge Aboal, solicit\u00e1ndolle que restablezan os servicios m\u00e9dicos.<\/p>\n\n\n\n<p>Esta non \u00e9 unha cuesti\u00f3n menor, pois o dereito \u00e1 protecci\u00f3n da sa\u00fade est\u00e1 reco\u00f1ecido na Constituci\u00f3n Espa\u00f1ola e tendo en conta o envellecemento da poboaci\u00f3n do concello, cunha ampla dispersi\u00f3n poboacional para facer as visitas domiciliarias, faise se cabe m\u00e1is necesario contar cun servicio asistencial ben dotado; de a\u00ed a importancia duns servicios p\u00fablicos de calidade no rural.<\/p>\n\n\n\n<p>\u201cEn Trabada sufrimos unha vez m\u00e1is os recortes nos servicios p\u00fablicos competencia da Xunta. No colexio suprimiron a aula de educaci\u00f3n Infantil porque non hab\u00eda un m\u00ednimo de seis alumnos no seu d\u00eda, ahora hai nove alumnos pero seguen sin habilitala\u201d, engade Garc\u00eda Berm\u00fadez.<\/p>\n\n\n\n<p>\u201cSuprimen paradas nas li\u00f1as de transporte a centros p\u00fablicos de ensino e no rural os alumnos e alumnas deben desprazarse a Concellos lim\u00edtrofes polo que o transporte \u00e9 fundamental para poder continuar os estudos\u201d, remata a alcaldesa.<\/p>","protected":false},"excerpt":{"rendered":"<p>O Concello de Trabada demanda ao Sergas unha soluci\u00f3n inmediata \u00e1 situaci\u00f3n na que se atopa a d\u00eda de hoxe o centro de sa\u00fade, sen m\u00e9dico por diversos motivos. \u201c\u00c9 unha situaci\u00f3n que non se pode repetir, os veci\u00f1as e veci\u00f1as de Trabada merecen uns servizos p\u00fablicos de calidade e atenci\u00f3n m\u00e9dica sen desprazarse, polo [&hellip;]<\/p>\n","protected":false},"author":2,"featured_media":6012,"comment_status":"closed","ping_status":"closed","sticky":false,"template":"","format":"standard","meta":{"footnotes":""},"categories":[1],"tags":[],"class_list":["post-6011","post","type-post","status-publish","format-standard","has-post-thumbnail","hentry","category-trabada"],"_links":{"self":[{"href":"https:\/\/trabada.gal\/gl\/wp-json\/wp\/v2\/posts\/6011","targetHints":{"allow":["GET"]}}],"collection":[{"href":"https:\/\/trabada.gal\/gl\/wp-json\/wp\/v2\/posts"}],"about":[{"href":"https:\/\/trabada.gal\/gl\/wp-json\/wp\/v2\/types\/post"}],"author":[{"embeddable":true,"href":"https:\/\/trabada.gal\/gl\/wp-json\/wp\/v2\/users\/2"}],"replies":[{"embeddable":true,"href":"https:\/\/trabada.gal\/gl\/wp-json\/wp\/v2\/comments?post=6011"}],"version-history":[{"count":0,"href":"https:\/\/trabada.gal\/gl\/wp-json\/wp\/v2\/posts\/6011\/revisions"}],"wp:featuredmedia":[{"embeddable":true,"href":"https:\/\/trabada.gal\/gl\/wp-json\/wp\/v2\/media\/6012"}],"wp:attachment":[{"href":"https:\/\/trabada.gal\/gl\/wp-json\/wp\/v2\/media?parent=6011"}],"wp:term":[{"taxonomy":"category","embeddable":true,"href":"https:\/\/trabada.gal\/gl\/wp-json\/wp\/v2\/categories?post=6011"},{"taxonomy":"post_tag","embeddable":true,"href":"https:\/\/trabada.gal\/gl\/wp-json\/wp\/v2\/tags?post=6011"}],"curies":[{"name":"wp","href":"https:\/\/api.w.org\/{rel}","templated":true}]}}