{"id":6014,"date":"2022-03-29T12:16:45","date_gmt":"2022-03-29T12:16:45","guid":{"rendered":"https:\/\/trabada.gal\/?p=6014"},"modified":"2022-03-29T12:16:46","modified_gmt":"2022-03-29T12:16:46","slug":"o-concello-de-trabada-aplica-unha-rebaixa-do-10-aos-seus-vecinos-e-vecinas-no-recibo-do-lixo","status":"publish","type":"post","link":"https:\/\/trabada.gal\/gl\/2022\/03\/29\/o-concello-de-trabada-aplica-unha-rebaixa-do-10-aos-seus-vecinos-e-vecinas-no-recibo-do-lixo\/","title":{"rendered":"O CONCELLO DE TRABADA APLICA UNHA REBAIXA DO 10% AOS SEUS VECI\u00d1OS E VECI\u00d1AS NO RECIBO DO LIXO"},"content":{"rendered":"<p><em>O Concello de Trabada aplica unha bonificaci\u00f3n do 10% na taxa por recollida de lixo aos seus veci\u00f1os e veci\u00f1as, unha rebaixa que xa fixo efectiva nos recibos correspondentes ao segundo semestre do ano 2021.<\/em><\/p>\n\n\n\n<p><em>\u201cNo Concello de Trabada aprobamos fai un ano esta bonificaci\u00f3n coa finalidade de repercutir nos propios veci\u00f1os e veci\u00f1as a rebaixa que Sogama, previa solicitude do Concello, fai aos municipios por importe do 10% no prezo do tratamento e eliminaci\u00f3n por tonelada de lixo\u201d, explica a alcaldesa, Mayra Garc\u00eda Berm\u00fadez.<\/em><\/p>\n\n\n\n<p><em>No ano 2021, o concello recadou polos recibos do lixo 55.120 euros, mentres que o gasto para as arcas municipais da recollida dos residuos s\u00f3lidos urbanos ascendeu a 95.089,38 euros.<\/em><\/p>\n\n\n\n<p><em>\u201cA pesar de tratarse dun servizo deficitario, dende o goberno municipal decidimos aplicar todas as rebaixas e exenci\u00f3ns posibles, nun contexto de moitas dificultades e incertidume para as familias, as pemes e os aut\u00f3nomos\u201d, engade a alcaldesa.<\/em><\/p>\n\n\n\n<p><em>\u201cEsta medida \u00fanese \u00e1 bonificaci\u00f3n do 95% do IBI das instalaci\u00f3ns das explotaci\u00f3ns agrogandeiras que adoptamos no anterior mandato, e neste mandato tam\u00e9n adoptamos unha bonificaci\u00f3n do 95% do ICIO para estas instalaci\u00f3ns, coa finalidade de colaborar cun sector fundamental para o noso concello\u201d, remata Garc\u00eda Berm\u00fadez.<\/em><\/p>","protected":false},"excerpt":{"rendered":"<p>O Concello de Trabada aplica unha bonificaci\u00f3n do 10% na taxa por recollida de lixo aos seus veci\u00f1os e veci\u00f1as, unha rebaixa que xa fixo efectiva nos recibos correspondentes ao segundo semestre do ano 2021. \u201cNo Concello de Trabada aprobamos fai un ano esta bonificaci\u00f3n coa finalidade de repercutir nos propios veci\u00f1os e veci\u00f1as a [&hellip;]<\/p>\n","protected":false},"author":2,"featured_media":6015,"comment_status":"closed","ping_status":"closed","sticky":false,"template":"","format":"standard","meta":{"footnotes":""},"categories":[1],"tags":[],"class_list":["post-6014","post","type-post","status-publish","format-standard","has-post-thumbnail","hentry","category-trabada"],"_links":{"self":[{"href":"https:\/\/trabada.gal\/gl\/wp-json\/wp\/v2\/posts\/6014","targetHints":{"allow":["GET"]}}],"collection":[{"href":"https:\/\/trabada.gal\/gl\/wp-json\/wp\/v2\/posts"}],"about":[{"href":"https:\/\/trabada.gal\/gl\/wp-json\/wp\/v2\/types\/post"}],"author":[{"embeddable":true,"href":"https:\/\/trabada.gal\/gl\/wp-json\/wp\/v2\/users\/2"}],"replies":[{"embeddable":true,"href":"https:\/\/trabada.gal\/gl\/wp-json\/wp\/v2\/comments?post=6014"}],"version-history":[{"count":0,"href":"https:\/\/trabada.gal\/gl\/wp-json\/wp\/v2\/posts\/6014\/revisions"}],"wp:featuredmedia":[{"embeddable":true,"href":"https:\/\/trabada.gal\/gl\/wp-json\/wp\/v2\/media\/6015"}],"wp:attachment":[{"href":"https:\/\/trabada.gal\/gl\/wp-json\/wp\/v2\/media?parent=6014"}],"wp:term":[{"taxonomy":"category","embeddable":true,"href":"https:\/\/trabada.gal\/gl\/wp-json\/wp\/v2\/categories?post=6014"},{"taxonomy":"post_tag","embeddable":true,"href":"https:\/\/trabada.gal\/gl\/wp-json\/wp\/v2\/tags?post=6014"}],"curies":[{"name":"wp","href":"https:\/\/api.w.org\/{rel}","templated":true}]}}