{"id":6024,"date":"2022-04-26T12:27:38","date_gmt":"2022-04-26T12:27:38","guid":{"rendered":"https:\/\/trabada.gal\/?p=6024"},"modified":"2022-04-26T12:27:39","modified_gmt":"2022-04-26T12:27:39","slug":"o-concello-de-trabada-solicita-unha-axuda-ao-ministerio-de-transportes-mobilidade-e-axenda-urbana-para-a-rehabilitacion-do-pai-e-a-camara-agraria","status":"publish","type":"post","link":"https:\/\/trabada.gal\/gl\/2022\/04\/26\/o-concello-de-trabada-solicita-unha-axuda-ao-ministerio-de-transportes-mobilidade-e-axenda-urbana-para-a-rehabilitacion-do-pai-e-a-camara-agraria\/","title":{"rendered":"O CONCELLO DE TRABADA SOLICITA UNHA AXUDA AO MINISTERIO DE TRANSPORTES, MOBILIDADE E AXENDA URBANA PARA A REHABILITACI\u00d3N DO PAI E A C\u00c1MARA AGRARIA"},"content":{"rendered":"<p>O Concello de Trabada solicita unha subvenci\u00f3n ao Ministerio de Transportes, Mobilidade e Axenda Urbana, a trav\u00e9s do Programa de impulso \u00e1 rehabilitaci\u00f3n de edificios p\u00fablicos para as entidades locais (PIREP local), para levar a cabo as obras de renovaci\u00f3n da C\u00e1mara Agraria e do Punto de Atenci\u00f3n \u00e1 Infancia (PAI).<\/p>\n\n\n\n<p>No edificio do PAI, as obras consistir\u00e1n na renovaci\u00f3n da envolvente t\u00e9rmica, a instalaci\u00f3n de iluminaci\u00f3n e o cambio de carpinter\u00edas exteriores do edificio. Haber\u00e1 tam\u00e9n reformas no interior, os aseos, renovaci\u00f3n de pavimentos e ampliaci\u00f3n das aulas infant\u00eds.<\/p>\n\n\n\n<p>No caso da C\u00e1mara Agraria, os traballos ser\u00e1n para a mellora da envolvente t\u00e9rmica, substituci\u00f3n da instalaci\u00f3n de iluminaci\u00f3n e o cambio de carpinter\u00edas exteriores do edificio. No interior, instalarase un ascensor, novos aseos para persoas con mobilidade reducida, renovaci\u00f3n do pavimento e melloras nas oficinas.<\/p>\n\n\n\n<p>O orzamento conxunto das d\u00faas obras \u00e9 de 218.936,36 m\u00e1is IVE, mentres que a axuda solicitada polo concello ascende aos 211.253,40 euros m\u00e1is IVE.<\/p>\n\n\n\n<p>Esta petici\u00f3n dunha axuda ao goberno central deriva da obrigaci\u00f3n, por parte do Concello de Trabada, de suspender as obras de eficiencia enerx\u00e9tica previstas na escola infantil e a C\u00e1mara Agraria polas deficiencias atopadas e descritas no informe t\u00e9cnico previo \u00e1 actuaci\u00f3n.<\/p>\n\n\n\n<p>Unha vez licitado o contrato, o concello tivo que resolvelo por estas deficiencias atopadas. No caso da C\u00e1mara Agraria, non existe forxado de bovedilla e a cuberta est\u00e1 apoiada sobre viguetas.<\/p>\n\n\n\n<p>No PAI, det\u00e9ctase que debaixo da chapa met\u00e1lica existe unha chapa de fibrocemento en mal estado e que non hai nin forxado nin estructura s\u00f3lida que soste\u00f1a a cuberta, \u00e9 decir, realizouse unha actuaci\u00f3n sobre a cuberta inicial (que era de uralita con amianto) e despois colocouse encima unha cobertura de chapa met\u00e1lica. En vez de retirar previamente a cuberta de uralita con amianto, p\u00faxose directamente por encima a chapa met\u00e1lica.<\/p>\n\n\n\n<p>Adxuntamos fotos onde pode verse a cuberta de uralita que hai por debaixo da cuberta de chapa met\u00e1lica, a estructura mediante paus de madeira sen tratar e as tablas sueltas postas por enriba.<\/p>\n\n\n\n<p>Estes defectos ocultos que constan no informe t\u00e9cnico encareceron o proxecto e non se puido realizar, por iso houbo que renunciar \u00e1 subvenci\u00f3n concedida polo IDAE para esta actuaci\u00f3n ao non poder executala.<\/p>\n\n\n\n<p>O concello non ti\u00f1a co\u00f1ecemento destas deficiencias, herdadas do anterior goberno, e unha vez descubertas valor\u00e1ronse as diferentes opci\u00f3ns para obter financiamento. Por ese motivo, realizouse unha nova memoria para a rehabilitaci\u00f3n integral destes edificios a trav\u00e9s do PIREP.<\/p>\n\n\n\n<p>\u201cNon foi posible executar a obra co proxecto previsto, polo que renunciamos \u00e1 subvenci\u00f3n, suspendemos o contrato e procedemos a pedir unha nova axuda para facer as cousas ben, xa que dende logo \u00e9 a primeira vez que vemos que se renovou unha cuberta sen retirar a vella; estas son as grandes obras do anterior goberno\u201d, explica a alcaldesa, Mayra Garc\u00eda Berm\u00fadez.<\/p>","protected":false},"excerpt":{"rendered":"<p>O Concello de Trabada solicita unha subvenci\u00f3n ao Ministerio de Transportes, Mobilidade e Axenda Urbana, a trav\u00e9s do Programa de impulso \u00e1 rehabilitaci\u00f3n de edificios p\u00fablicos para as entidades locais (PIREP local), para levar a cabo as obras de renovaci\u00f3n da C\u00e1mara Agraria e do Punto de Atenci\u00f3n \u00e1 Infancia (PAI). No edificio do PAI, [&hellip;]<\/p>\n","protected":false},"author":2,"featured_media":6025,"comment_status":"closed","ping_status":"closed","sticky":false,"template":"","format":"standard","meta":{"footnotes":""},"categories":[1],"tags":[],"class_list":["post-6024","post","type-post","status-publish","format-standard","has-post-thumbnail","hentry","category-trabada"],"_links":{"self":[{"href":"https:\/\/trabada.gal\/gl\/wp-json\/wp\/v2\/posts\/6024","targetHints":{"allow":["GET"]}}],"collection":[{"href":"https:\/\/trabada.gal\/gl\/wp-json\/wp\/v2\/posts"}],"about":[{"href":"https:\/\/trabada.gal\/gl\/wp-json\/wp\/v2\/types\/post"}],"author":[{"embeddable":true,"href":"https:\/\/trabada.gal\/gl\/wp-json\/wp\/v2\/users\/2"}],"replies":[{"embeddable":true,"href":"https:\/\/trabada.gal\/gl\/wp-json\/wp\/v2\/comments?post=6024"}],"version-history":[{"count":0,"href":"https:\/\/trabada.gal\/gl\/wp-json\/wp\/v2\/posts\/6024\/revisions"}],"wp:featuredmedia":[{"embeddable":true,"href":"https:\/\/trabada.gal\/gl\/wp-json\/wp\/v2\/media\/6025"}],"wp:attachment":[{"href":"https:\/\/trabada.gal\/gl\/wp-json\/wp\/v2\/media?parent=6024"}],"wp:term":[{"taxonomy":"category","embeddable":true,"href":"https:\/\/trabada.gal\/gl\/wp-json\/wp\/v2\/categories?post=6024"},{"taxonomy":"post_tag","embeddable":true,"href":"https:\/\/trabada.gal\/gl\/wp-json\/wp\/v2\/tags?post=6024"}],"curies":[{"name":"wp","href":"https:\/\/api.w.org\/{rel}","templated":true}]}}