{"id":6027,"date":"2022-04-27T11:30:23","date_gmt":"2022-04-27T11:30:23","guid":{"rendered":"https:\/\/trabada.gal\/?p=6027"},"modified":"2022-04-27T11:30:24","modified_gmt":"2022-04-27T11:30:24","slug":"o-concello-pon-a-disposicion-dos-seus-vecinos-un-novo-servizo-de-informacion-municipal-a-traves-do-mobil-trabada-informa","status":"publish","type":"post","link":"https:\/\/trabada.gal\/gl\/2022\/04\/27\/o-concello-pon-a-disposicion-dos-seus-vecinos-un-novo-servizo-de-informacion-municipal-a-traves-do-mobil-trabada-informa\/","title":{"rendered":"O CONCELLO PON A DISPOSICI\u00d3N DOS SEUS VECI\u00d1OS UN NOVO SERVIZO DE INFORMACI\u00d3N MUNICIPAL A TRAV\u00c9S DO M\u00d3BIL, \u2018TRABADA INFORMA\u2019"},"content":{"rendered":"<p>O Concello de Trabada puxo en marcha e xa est\u00e1 a disposici\u00f3n dos seus veci\u00f1os e veci\u00f1as un novo servizo de informaci\u00f3n municipal a trav\u00e9s do m\u00f3bil, \u2018Trabada Informa\u2019.<\/p>\n\n\n\n<p>A partir de agora, todos os bandos, as novas, os anuncios e a informaci\u00f3n municipal m\u00e1is relevante do concello poden ser recibidos a trav\u00e9s do m\u00f3bil.<\/p>\n\n\n\n<p>\u201cUn servizo adaptado \u00e1 realidade na que vivimos, na que as novas tecnolox\u00edas e os m\u00f3biles forman parte da nosa vida; con \u2018Trabada Informa\u2019 asegurou a alcaldesa, Mayra Garc\u00eda Berm\u00fadez, na presentaci\u00f3n da aplicaci\u00f3n xunto aos concelleiros Julia Mar\u00eda Barcia e Rub\u00e9n Garc\u00eda.<\/p>\n\n\n\n<p>Os veci\u00f1os cun m\u00f3bil Android, poden darse de alta descargando en Google Play a app \u2018Trabada Informa\u2019 ou mediante o c\u00f3digo QR da aplicaci\u00f3n, mentres que os que te\u00f1en terminal IOS deben buscar \u2018bandomovil\u2019 na App Store ou mediante o c\u00f3digo QR.<\/p>\n\n\n\n<p>Tam\u00e9n \u00e9 posible estar informado a trav\u00e9s do correo electr\u00f3nico (hai que entrar para elo en www.bandoemail.com) ou na web <a href=\"http:\/\/www.bandomovil.com\/trabada\">www.bandomovil.com\/trabada<\/a>.<\/p>","protected":false},"excerpt":{"rendered":"<p>O Concello de Trabada puxo en marcha e xa est\u00e1 a disposici\u00f3n dos seus veci\u00f1os e veci\u00f1as un novo servizo de informaci\u00f3n municipal a trav\u00e9s do m\u00f3bil, \u2018Trabada Informa\u2019. A partir de agora, todos os bandos, as novas, os anuncios e a informaci\u00f3n municipal m\u00e1is relevante do concello poden ser recibidos a trav\u00e9s do m\u00f3bil. [&hellip;]<\/p>\n","protected":false},"author":2,"featured_media":6028,"comment_status":"closed","ping_status":"closed","sticky":false,"template":"","format":"standard","meta":{"footnotes":""},"categories":[1],"tags":[],"class_list":["post-6027","post","type-post","status-publish","format-standard","has-post-thumbnail","hentry","category-trabada"],"_links":{"self":[{"href":"https:\/\/trabada.gal\/gl\/wp-json\/wp\/v2\/posts\/6027","targetHints":{"allow":["GET"]}}],"collection":[{"href":"https:\/\/trabada.gal\/gl\/wp-json\/wp\/v2\/posts"}],"about":[{"href":"https:\/\/trabada.gal\/gl\/wp-json\/wp\/v2\/types\/post"}],"author":[{"embeddable":true,"href":"https:\/\/trabada.gal\/gl\/wp-json\/wp\/v2\/users\/2"}],"replies":[{"embeddable":true,"href":"https:\/\/trabada.gal\/gl\/wp-json\/wp\/v2\/comments?post=6027"}],"version-history":[{"count":0,"href":"https:\/\/trabada.gal\/gl\/wp-json\/wp\/v2\/posts\/6027\/revisions"}],"wp:featuredmedia":[{"embeddable":true,"href":"https:\/\/trabada.gal\/gl\/wp-json\/wp\/v2\/media\/6028"}],"wp:attachment":[{"href":"https:\/\/trabada.gal\/gl\/wp-json\/wp\/v2\/media?parent=6027"}],"wp:term":[{"taxonomy":"category","embeddable":true,"href":"https:\/\/trabada.gal\/gl\/wp-json\/wp\/v2\/categories?post=6027"},{"taxonomy":"post_tag","embeddable":true,"href":"https:\/\/trabada.gal\/gl\/wp-json\/wp\/v2\/tags?post=6027"}],"curies":[{"name":"wp","href":"https:\/\/api.w.org\/{rel}","templated":true}]}}