{"id":6034,"date":"2022-05-06T17:18:38","date_gmt":"2022-05-06T17:18:38","guid":{"rendered":"https:\/\/trabada.gal\/?p=6034"},"modified":"2022-05-06T17:18:39","modified_gmt":"2022-05-06T17:18:39","slug":"a-alcaldesa-de-trabada-critica-a-mala-xestion-do-servizo-coidados-porta-a-porta-e-lamenta-que-o-delegado-da-xunta-visitase-hoxe-e-autobus-sen-avisar-previamente","status":"publish","type":"post","link":"https:\/\/trabada.gal\/gl\/2022\/05\/06\/a-alcaldesa-de-trabada-critica-a-mala-xestion-do-servizo-coidados-porta-a-porta-e-lamenta-que-o-delegado-da-xunta-visitase-hoxe-e-autobus-sen-avisar-previamente\/","title":{"rendered":"A ALCALDESA DE TRABADA CRITICA A MALA XESTI\u00d3N DO SERVIZO \u2018COIDADOS PORTA A PORTA\u2019 E LAMENTA QUE O DELEGADO DA XUNTA VISITASE HOXE E AUTOB\u00daS SEN AVISAR PREVIAMENTE"},"content":{"rendered":"<p>A alcaldesa de Trabada, Mayra Garc\u00eda Berm\u00fadez, lamenta que o delegado da Xunta en Lugo, Javier Arias, visitase hoxe o autob\u00fas do servizo \u2018Coidados Porta a Porta\u2019 ubicado na praza do Concello sen avisala con anterioridade.<\/p>\n\n\n\n<p>\u201cUnha mostra m\u00e1is da ausencia de cortes\u00eda institucional por parte da Xunta, que visita o concello sen avisar \u00e1 alcaldesa ou ao grupo de goberno\u201d, afirma Garc\u00eda Berm\u00fadez, \u201cporque ademais este servizo est\u00e1 financiado cos fondos do Plan de Recuperaci\u00f3n, Transformaci\u00f3n e Resiliencia que a ra\u00edz da pandemia conseguiu o goberno do Estado, froito das negociaci\u00f3ns celebradas en Europa\u201d.<\/p>\n\n\n\n<p>Por outra parte, a alcaldesa lamenta a mala xesti\u00f3n dos \u2018Coidados Porta a Porta\u2019 por parte da Xunta de Galicia. \u201cO aluguer de cada cami\u00f3n custa 7.000 euros \u00e1 semana e o contrato \u00e9 s\u00f3 por uns meses, ata o 3\/11\/2023 segundo os pregos do contrato\u201d, asevera Garc\u00eda Berm\u00fadez, que considera que \u201ca mellor opci\u00f3n era comprar os veh\u00edculos e prestar o servizo de forma permanente\u201d.<\/p>\n\n\n\n<p>\u201cTam\u00e9n botamos en falta que se nos comunicara a duraci\u00f3n das citas, xa que as\u00ed pod\u00edamos axudar aos veci\u00f1os a tramitalas, pero semella que o que interesaba era darlle publicidade e non que o servizo funcionase ben\u201d, engadiu.<\/p>\n\n\n\n<p>\u2018Coidados Porta a Porta\u2019 estaba planificado para achegar \u00e1s persoas maiores de 55 anos os servizos de podolox\u00eda, audiolox\u00eda e estimulaci\u00f3n terap\u00e9utica, \u201cpero a xesti\u00f3n non \u00e9 a adecuada porque a pesar de que o Concello pegou carteis polas parroquias para informar de este servizo indicando o n\u00famero de tel\u00e9fono ao que hai que chamar para reservar a cita, non \u00e9 a soluci\u00f3n axeitada porque varios veci\u00f1os nos trasladaron que chamaban por tel\u00e9fono e que ningu\u00e9n contestaba\u201d, apunta.<\/p>\n\n\n\n<p>\u201cSer\u00eda moito mellor que dende \u2018Coidados Porta a Porta\u2019 nos indicaran as duraci\u00f3ns das citas para desta forma poder xestionar as mesmas desde o Concello e incluso po\u00f1er a disposici\u00f3n o servicio de transporte municipal e facer diferentes rutas polas parroquias para asegurar a accesibilidade a este servizo a toda a veci\u00f1anza; \u00e9 unha pena que este servizo que nos custa tanto a todos, preto de 10 mill\u00f3ns de euros entre o persoal e o aluguer dos autobuses, non chegue \u00e1 poboaci\u00f3n pola mala xesti\u00f3n da Xunta\u201d, remata a alcaldesa de Trabada.<\/p>","protected":false},"excerpt":{"rendered":"<p>A alcaldesa de Trabada, Mayra Garc\u00eda Berm\u00fadez, lamenta que o delegado da Xunta en Lugo, Javier Arias, visitase hoxe o autob\u00fas do servizo \u2018Coidados Porta a Porta\u2019 ubicado na praza do Concello sen avisala con anterioridade. \u201cUnha mostra m\u00e1is da ausencia de cortes\u00eda institucional por parte da Xunta, que visita o concello sen avisar \u00e1 [&hellip;]<\/p>\n","protected":false},"author":2,"featured_media":6035,"comment_status":"closed","ping_status":"closed","sticky":false,"template":"","format":"standard","meta":{"footnotes":""},"categories":[1],"tags":[],"class_list":["post-6034","post","type-post","status-publish","format-standard","has-post-thumbnail","hentry","category-trabada"],"_links":{"self":[{"href":"https:\/\/trabada.gal\/gl\/wp-json\/wp\/v2\/posts\/6034","targetHints":{"allow":["GET"]}}],"collection":[{"href":"https:\/\/trabada.gal\/gl\/wp-json\/wp\/v2\/posts"}],"about":[{"href":"https:\/\/trabada.gal\/gl\/wp-json\/wp\/v2\/types\/post"}],"author":[{"embeddable":true,"href":"https:\/\/trabada.gal\/gl\/wp-json\/wp\/v2\/users\/2"}],"replies":[{"embeddable":true,"href":"https:\/\/trabada.gal\/gl\/wp-json\/wp\/v2\/comments?post=6034"}],"version-history":[{"count":0,"href":"https:\/\/trabada.gal\/gl\/wp-json\/wp\/v2\/posts\/6034\/revisions"}],"wp:featuredmedia":[{"embeddable":true,"href":"https:\/\/trabada.gal\/gl\/wp-json\/wp\/v2\/media\/6035"}],"wp:attachment":[{"href":"https:\/\/trabada.gal\/gl\/wp-json\/wp\/v2\/media?parent=6034"}],"wp:term":[{"taxonomy":"category","embeddable":true,"href":"https:\/\/trabada.gal\/gl\/wp-json\/wp\/v2\/categories?post=6034"},{"taxonomy":"post_tag","embeddable":true,"href":"https:\/\/trabada.gal\/gl\/wp-json\/wp\/v2\/tags?post=6034"}],"curies":[{"name":"wp","href":"https:\/\/api.w.org\/{rel}","templated":true}]}}