{"id":6040,"date":"2022-05-09T17:21:33","date_gmt":"2022-05-09T17:21:33","guid":{"rendered":"https:\/\/trabada.gal\/?p=6040"},"modified":"2022-05-09T17:24:28","modified_gmt":"2022-05-09T17:24:28","slug":"o-concello-de-trabada-considera-intolerable-e-moi-mellorable-a-xestion-da-xunta-e-da-empresa-adxudicataria-do-servizo-coidados-porta-a-porta-2","status":"publish","type":"post","link":"https:\/\/trabada.gal\/gl\/2022\/05\/09\/o-concello-de-trabada-considera-intolerable-e-moi-mellorable-a-xestion-da-xunta-e-da-empresa-adxudicataria-do-servizo-coidados-porta-a-porta-2\/","title":{"rendered":"O CONCELLO DE TRABADA CONSEGUE UNHA SUBVENCI\u00d3N PARA MELLORAR O TRAMO DO CAMI\u00d1O DE SANTIAGO QUE UNE O MUNICIPIO COA FONTE DE PORTO DO MALLE"},"content":{"rendered":"<p>O Concello de Trabada conseguiu unha subvenci\u00f3n da Xunta de Galicia para acometer un proxecto de mellora e embelecemento do entorno do Cami\u00f1o de Santiago entre o municipio e unha fonte de gran valor para os veci\u00f1os situada nas inmediaci\u00f3ns de Porto do Malle.<\/p>\n\n\n\n<p>O procedemento elixido polo goberno auton\u00f3mico para a convocatoria, outorgando as axudas por orde de chegada das mesmas e abrindo o prazo de solicitude a medianoite, obrigou unha vez m\u00e1is \u00e1 alcaldesa de Trabada, Mayra Garc\u00eda Berm\u00fadez, a tramitar persoalmente a petici\u00f3n da subvenci\u00f3n.<\/p>\n\n\n\n<p>A actuaci\u00f3n consistir\u00e1 na rexeneraci\u00f3n do pavimento no tramo, de 775 metros e un ancho de catro metros, a limpeza de cunetas e o acondicionamento da zona da fonte.<\/p>\n\n\n\n<p>Estaba prevista tam\u00e9n a colocaci\u00f3n dun banco e unha papeleira no entorno da fonte, pero a Direcci\u00f3n Xeral de Patrimonio Cultural, dependente da Xunta de Galicia, non o autorizou no seu informe preceptivo. As obras te\u00f1en un orzamento de 20.000 euros e a subvenci\u00f3n \u00e9 de 15.000 euros, asumindo o concello a diferenza.<\/p>\n\n\n\n<p>\u201cPara o Concello de Trabada, o Cami\u00f1o de Santiago \u00e9 unha oportunidade, por iso creamos un pequeno albergue municipal na planta baixa da antiga escola de Sante coa colaboraci\u00f3n da Deputaci\u00f3n Provincial e temos que aproveitar o seu impacto, polo que esta actuaci\u00f3n \u00e9 moi necesaria\u201d, explica Garc\u00eda Berm\u00fadez.<\/p>","protected":false},"excerpt":{"rendered":"<p>O Concello de Trabada conseguiu unha subvenci\u00f3n da Xunta de Galicia para acometer un proxecto de mellora e embelecemento do entorno do Cami\u00f1o de Santiago entre o municipio e unha fonte de gran valor para os veci\u00f1os situada nas inmediaci\u00f3ns de Porto do Malle. O procedemento elixido polo goberno auton\u00f3mico para a convocatoria, outorgando as [&hellip;]<\/p>\n","protected":false},"author":2,"featured_media":6041,"comment_status":"closed","ping_status":"closed","sticky":false,"template":"","format":"standard","meta":{"footnotes":""},"categories":[1],"tags":[],"class_list":["post-6040","post","type-post","status-publish","format-standard","has-post-thumbnail","hentry","category-trabada"],"_links":{"self":[{"href":"https:\/\/trabada.gal\/gl\/wp-json\/wp\/v2\/posts\/6040","targetHints":{"allow":["GET"]}}],"collection":[{"href":"https:\/\/trabada.gal\/gl\/wp-json\/wp\/v2\/posts"}],"about":[{"href":"https:\/\/trabada.gal\/gl\/wp-json\/wp\/v2\/types\/post"}],"author":[{"embeddable":true,"href":"https:\/\/trabada.gal\/gl\/wp-json\/wp\/v2\/users\/2"}],"replies":[{"embeddable":true,"href":"https:\/\/trabada.gal\/gl\/wp-json\/wp\/v2\/comments?post=6040"}],"version-history":[{"count":0,"href":"https:\/\/trabada.gal\/gl\/wp-json\/wp\/v2\/posts\/6040\/revisions"}],"wp:featuredmedia":[{"embeddable":true,"href":"https:\/\/trabada.gal\/gl\/wp-json\/wp\/v2\/media\/6041"}],"wp:attachment":[{"href":"https:\/\/trabada.gal\/gl\/wp-json\/wp\/v2\/media?parent=6040"}],"wp:term":[{"taxonomy":"category","embeddable":true,"href":"https:\/\/trabada.gal\/gl\/wp-json\/wp\/v2\/categories?post=6040"},{"taxonomy":"post_tag","embeddable":true,"href":"https:\/\/trabada.gal\/gl\/wp-json\/wp\/v2\/tags?post=6040"}],"curies":[{"name":"wp","href":"https:\/\/api.w.org\/{rel}","templated":true}]}}