{"id":6045,"date":"2022-05-10T12:24:10","date_gmt":"2022-05-10T12:24:10","guid":{"rendered":"https:\/\/trabada.gal\/?p=6045"},"modified":"2022-05-10T12:24:11","modified_gmt":"2022-05-10T12:24:11","slug":"o-concello-de-trabada-remata-as-obras-de-renovacion-do-ximnasio-e-os-vestiarios-do-pavillon-polideportivo-municipal","status":"publish","type":"post","link":"https:\/\/trabada.gal\/gl\/2022\/05\/10\/o-concello-de-trabada-remata-as-obras-de-renovacion-do-ximnasio-e-os-vestiarios-do-pavillon-polideportivo-municipal\/","title":{"rendered":"O CONCELLO DE TRABADA REMATA AS OBRAS DE RENOVACI\u00d3N DO XIMNASIO E OS VESTIARIOS DO PAVILL\u00d3N POLIDEPORTIVO MUNICIPAL"},"content":{"rendered":"<p>O Concello de Trabada informa aos seus veci\u00f1os e veci\u00f1as do remate das obras de reforma dos vestiarios e o ximnasio do pavill\u00f3n polideportivo municipal.<\/p>\n\n\n\n<p>A actuaci\u00f3n nos vestiarios foi na zona das duchas, renovando o pavimento por un novo e antideslizante, ademais de mellorar a rede de saneamento e os desag\u00fces. Segundo o informe t\u00e9cnico da empresa, cando realizaron os traballos de picado da baldosa existente detectouse que hab\u00eda moi pouco cemento, cun espesor de poucos cent\u00edmetros e escasa consistencia.<\/p>\n\n\n\n<p>No ximnasio, o concello adquiriu novas m\u00e1quinas tanto de cardio (cintas de correr, bicicletas, air bike e remo) como aparatos de musculaci\u00f3n (prensa, dominadas asistidas) e un banco de estiramentos, ademais de repo\u00f1er os espellos existentes. Desta forma, mellorouse o equipamento do ximnasio coa finalidade de ampliar as posibilidades de exercitarse e ofrecerlle un mellor servizo aos usuarios.<\/p>\n\n\n\n<p>\u201cDende o goberno municipal solicitamos en tres ocasi\u00f3ns axuda \u00e1 Xunta de Galicia, d\u00faas veces a trav\u00e9s da convocatoria de axudas de Vicepresidencia, que dirixe Alfonso Rueda, e unha vez na reuni\u00f3n mantida co secretario xeral de Deportes, Jos\u00e9 Manuel Lete, pero decidiron non colaborar con este proxecto e tivemos que esperar, como sucede en moitas ocasi\u00f3ns, a poder realizar estas actuaci\u00f3ns\u201d, lembra a alcaldesa de Trabada, Mayra Garc\u00eda Berm\u00fadez.<\/p>\n\n\n\n<p>Finalmente, asinouse coa colaboraci\u00f3n da Deputaci\u00f3n de Lugo un convenio para poder levar a cabo estas melloras tan necesarias, tanto polos usuarios do ximnasio como polo inmoble en s\u00ed, xa que o mal estado dos vestiarios produc\u00eda filtraci\u00f3ns.<\/p>\n\n\n\n<p>A\u00ednda que o orzamento inicial das d\u00faas actuaci\u00f3ns era de 45.041,14 euros, inclu\u00eddos os honorarios, dos cales a Diputaci\u00f3n aportaba 44.000 euros e o concello 1.041,14 euros, despois da licitaci\u00f3n do proxecto adxud\u00edcaronse as obras por 35.000 euros.<\/p>\n\n\n\n<p>O Concello de Trabada solicitar\u00e1 esta baixa econ\u00f3mica \u00e1 Deputaci\u00f3n de Lugo, \u201calgo que permite a instituci\u00f3n provincial e que volvemos a solicitar que a Xunta de Galicia tam\u00e9n o permita, xa que as baixas que se producen nas licitaci\u00f3ns en vez de quedar a disposici\u00f3n dos concellos para realizar con eses cartos outras actuaci\u00f3ns no municipio, revirten na Xunta de Galicia\u201d, engade Garc\u00eda Berm\u00fadez.<\/p>\n\n\n\n<p>\u201cPara o noso grupo de goberno esta actuaci\u00f3n \u00e9 fundamental porque o fomento do deporte e os h\u00e1bitos de vida saudables son d\u00faas prioridades, estas melloras no polideportivo eran moi necesarias\u201d, remata a alcaldesa de Trabada.<\/p>","protected":false},"excerpt":{"rendered":"<p>O Concello de Trabada informa aos seus veci\u00f1os e veci\u00f1as do remate das obras de reforma dos vestiarios e o ximnasio do pavill\u00f3n polideportivo municipal. A actuaci\u00f3n nos vestiarios foi na zona das duchas, renovando o pavimento por un novo e antideslizante, ademais de mellorar a rede de saneamento e os desag\u00fces. Segundo o informe [&hellip;]<\/p>\n","protected":false},"author":2,"featured_media":6046,"comment_status":"closed","ping_status":"closed","sticky":false,"template":"","format":"standard","meta":{"footnotes":""},"categories":[1],"tags":[],"class_list":["post-6045","post","type-post","status-publish","format-standard","has-post-thumbnail","hentry","category-trabada"],"_links":{"self":[{"href":"https:\/\/trabada.gal\/gl\/wp-json\/wp\/v2\/posts\/6045","targetHints":{"allow":["GET"]}}],"collection":[{"href":"https:\/\/trabada.gal\/gl\/wp-json\/wp\/v2\/posts"}],"about":[{"href":"https:\/\/trabada.gal\/gl\/wp-json\/wp\/v2\/types\/post"}],"author":[{"embeddable":true,"href":"https:\/\/trabada.gal\/gl\/wp-json\/wp\/v2\/users\/2"}],"replies":[{"embeddable":true,"href":"https:\/\/trabada.gal\/gl\/wp-json\/wp\/v2\/comments?post=6045"}],"version-history":[{"count":0,"href":"https:\/\/trabada.gal\/gl\/wp-json\/wp\/v2\/posts\/6045\/revisions"}],"wp:featuredmedia":[{"embeddable":true,"href":"https:\/\/trabada.gal\/gl\/wp-json\/wp\/v2\/media\/6046"}],"wp:attachment":[{"href":"https:\/\/trabada.gal\/gl\/wp-json\/wp\/v2\/media?parent=6045"}],"wp:term":[{"taxonomy":"category","embeddable":true,"href":"https:\/\/trabada.gal\/gl\/wp-json\/wp\/v2\/categories?post=6045"},{"taxonomy":"post_tag","embeddable":true,"href":"https:\/\/trabada.gal\/gl\/wp-json\/wp\/v2\/tags?post=6045"}],"curies":[{"name":"wp","href":"https:\/\/api.w.org\/{rel}","templated":true}]}}