{"id":6049,"date":"2022-05-20T11:12:31","date_gmt":"2022-05-20T11:12:31","guid":{"rendered":"https:\/\/trabada.gal\/?p=6049"},"modified":"2022-05-20T11:12:32","modified_gmt":"2022-05-20T11:12:32","slug":"trabada-consegue-unha-nova-subvencion-de-20-000-euros-para-pintar-a-fachada-e-reparar-as-humidades-da-casa-do-concello","status":"publish","type":"post","link":"https:\/\/trabada.gal\/gl\/2022\/05\/20\/trabada-consegue-unha-nova-subvencion-de-20-000-euros-para-pintar-a-fachada-e-reparar-as-humidades-da-casa-do-concello\/","title":{"rendered":"TRABADA CONSEGUE UNHA NOVA SUBVENCI\u00d3N DE 20.000 EUROS PARA PINTAR A FACHADA E REPARAR AS HUMIDADES DA CASA DO CONCELLO"},"content":{"rendered":"<p>O Concello de Trabada conseguiu unha nova subvenci\u00f3n, neste caso de 20.000 euros, para pintar, reparar as humidades e selar as fendas e irregularidades da fachada da casa do concello.<\/p>\n\n\n\n<p>A convocatoria das axudas, do Instituto de Estudos do Territorio da Conseller\u00eda de Medio Ambiente, Territorio e Vivenda da Xunta de Galicia, estaba destinada \u00e1 reparaci\u00f3n de fachadas de edificios p\u00fablicos.<\/p>\n\n\n\n<p>Unha vez m\u00e1is, foi a propia alcaldesa de Trabada, Mayra Garc\u00eda Berm\u00fadez, a que considerou id\u00f3nea esta convocatoria para o concello e a que encargou a realizaci\u00f3n da memoria t\u00e9cnica presentada. \u201cNestes casos \u00e9 cando se comproba que somos un goberno que planifica, que ten proxectos e que, en definitiva, traballa con previsi\u00f3n\u201d, afirma.<\/p>\n\n\n\n<p>\u201cTrat\u00e1base unha vez m\u00e1is dunha convocatoria en concorrencia non competitiva; neste caso abr\u00edase o prazo \u00e1s 12:00 horas e fumos os primeiros en tramitala, xa que o noso expediente \u00e9 o primeiro, indo de cami\u00f1o para Fitur e a pesares de que a sede electr\u00f3nica non funcionaba correctamente\u201d, lembra a alcaldesa de Trabada.<\/p>\n\n\n\n<p>Con esta subvenci\u00f3n que conseguiu o goberno municipal, levarase a cabo a reparaci\u00f3n de fendas e aplicarase morteiro de cemento M-5 con acabado superficial rugoso, reforzado con malla de fibra de vidrio texida, con impregnaci\u00f3n de PVC.<\/p>\n\n\n\n<p>Posteriormente, en toda a fachada aplicarase un revestimento el\u00e1stico impermeabilizante incoloro, a base de siloxanos en disolventes org\u00e1nicos, e finalmente o revestimiento final con pintura pl\u00e1stica impermeable en d\u00faas cores, adaptando a tonalidade e a intensidade \u00e1 \u201cGu\u00eda de cor e materiais de Galicia, para a zona de A Mari\u00f1a e o baixo Eo para edificaci\u00f3ns constru\u00eddas ata 1960\u201d, ao igual que f\u00edxose na antiga escola de Trabada, na C\u00e1mara Agraria ou na escola de Vilapercide.<\/p>\n\n\n\n<p>Por outra banda, \u201clamentamos a falta de lealdade institucional por parte da Xunta de Galicia, posto que os representantes do Partido Popular de Trabada fac\u00edanse eco nas redes sociais desta axuda concedida ao Concello e desde ese momento a Xunta tardou m\u00e1is de d\u00faas semanas en notificar a s\u00faa concesi\u00f3n ao Concello\u201d, engade Garc\u00eda Berm\u00fadez.<\/p>\n\n\n\n<p>\u201cUnha vez m\u00e1is vemos como o goberno da Xunta de Galicia est\u00e1 ao servicio do PP, en vez de \u00f3 servizo dos galegos e das galegas, porque con este comportamento demostran que no respectan nin as intituci\u00f3ns nin os seus veci\u00f1os\u201d, remata a alcaldesa.<\/p>","protected":false},"excerpt":{"rendered":"<p>O Concello de Trabada conseguiu unha nova subvenci\u00f3n, neste caso de 20.000 euros, para pintar, reparar as humidades e selar as fendas e irregularidades da fachada da casa do concello. A convocatoria das axudas, do Instituto de Estudos do Territorio da Conseller\u00eda de Medio Ambiente, Territorio e Vivenda da Xunta de Galicia, estaba destinada \u00e1 [&hellip;]<\/p>\n","protected":false},"author":2,"featured_media":6050,"comment_status":"closed","ping_status":"closed","sticky":false,"template":"","format":"standard","meta":{"footnotes":""},"categories":[1],"tags":[],"class_list":["post-6049","post","type-post","status-publish","format-standard","has-post-thumbnail","hentry","category-trabada"],"_links":{"self":[{"href":"https:\/\/trabada.gal\/gl\/wp-json\/wp\/v2\/posts\/6049","targetHints":{"allow":["GET"]}}],"collection":[{"href":"https:\/\/trabada.gal\/gl\/wp-json\/wp\/v2\/posts"}],"about":[{"href":"https:\/\/trabada.gal\/gl\/wp-json\/wp\/v2\/types\/post"}],"author":[{"embeddable":true,"href":"https:\/\/trabada.gal\/gl\/wp-json\/wp\/v2\/users\/2"}],"replies":[{"embeddable":true,"href":"https:\/\/trabada.gal\/gl\/wp-json\/wp\/v2\/comments?post=6049"}],"version-history":[{"count":0,"href":"https:\/\/trabada.gal\/gl\/wp-json\/wp\/v2\/posts\/6049\/revisions"}],"wp:featuredmedia":[{"embeddable":true,"href":"https:\/\/trabada.gal\/gl\/wp-json\/wp\/v2\/media\/6050"}],"wp:attachment":[{"href":"https:\/\/trabada.gal\/gl\/wp-json\/wp\/v2\/media?parent=6049"}],"wp:term":[{"taxonomy":"category","embeddable":true,"href":"https:\/\/trabada.gal\/gl\/wp-json\/wp\/v2\/categories?post=6049"},{"taxonomy":"post_tag","embeddable":true,"href":"https:\/\/trabada.gal\/gl\/wp-json\/wp\/v2\/tags?post=6049"}],"curies":[{"name":"wp","href":"https:\/\/api.w.org\/{rel}","templated":true}]}}