{"id":6052,"date":"2022-05-23T13:58:38","date_gmt":"2022-05-23T13:58:38","guid":{"rendered":"https:\/\/trabada.gal\/?p=6052"},"modified":"2022-05-23T13:58:39","modified_gmt":"2022-05-23T13:58:39","slug":"o-concello-de-trabada-celebra-un-emotivo-encontro-dos-maiores-coa-asistencia-de-mais-de-180-persoas","status":"publish","type":"post","link":"https:\/\/trabada.gal\/gl\/2022\/05\/23\/o-concello-de-trabada-celebra-un-emotivo-encontro-dos-maiores-coa-asistencia-de-mais-de-180-persoas\/","title":{"rendered":"O CONCELLO DE TRABADA CELEBRA UN EMOTIVO ENCONTRO DOS MAIORES COA ASISTENCIA DE M\u00c1IS DE 180 PERSOAS"},"content":{"rendered":"<p>O Concello de Trabada acolleu este s\u00e1bado o<strong> Encontro dos Maiores, coa presenza de m\u00e1is de 180 persoas nunha emotiva xornada tras dous anos de par\u00f3n obrigado pola pandemia do coronavirus.<\/strong><strong><\/strong><\/p>\n\n\n\n<p>Este foi ademais o primeiro ano no que participaron os residentes e tam\u00e9n veci\u00f1os do Centro de Atenci\u00f3n aos Maiores de Trabada. \u201cPara n\u00f3s, \u00e9 moi importante que se integren no pobo, que participen nas actividades que desenvolvemos no concello\u201d, asegura a alcaldesa, Mayra Garc\u00eda Berm\u00fadez.<\/p>\n\n\n\n<p>\u201cQuero facer un agradecemento expreso ao persoal do centro que nos acompa\u00f1ou, tam\u00e9n ao persoal do concello que trasladou aos que te\u00f1en pouca mobilidade, e que de non ser por eles e polos medios que temos, a furgoneta adaptada para persoas de mobilidade reducida que conseguimos gracias \u00e1 colaboraci\u00f3n da Deputaci\u00f3n de Lugo, non poder\u00edan compartir este d\u00eda con n\u00f3s\u201d, engade a alcaldesa.<\/p>\n\n\n\n<p>\u201cAgardamos que disfrutaran moito deste d\u00eda que tan merecido te\u00f1en, eles son o noso pasado, o noso presente, os que traballaron toda a vida para sacar as familias adiante, en definitiva, as nosas ra\u00edces e a nosa luz no cami\u00f1o\u201d, manifesta Garc\u00eda Berm\u00fadez.<\/p>\n\n\n\n<p>\u201cTemos que darlle ademais as grazas, porque o seu comportamento durante a pandemia foi exemplar, asumindo a necesidade de aplicar moitas restrici\u00f3ns e limitaci\u00f3ns \u00e1 s\u00faa vida diaria, deixando a un lado o contacto social e os afectos coa maior parte dos seus seres queridos porque non quedaba outra que coidarse e coidar aos demais\u201d, remata.<\/p>","protected":false},"excerpt":{"rendered":"<p>O Concello de Trabada acolleu este s\u00e1bado o Encontro dos Maiores, coa presenza de m\u00e1is de 180 persoas nunha emotiva xornada tras dous anos de par\u00f3n obrigado pola pandemia do coronavirus. Este foi ademais o primeiro ano no que participaron os residentes e tam\u00e9n veci\u00f1os do Centro de Atenci\u00f3n aos Maiores de Trabada. \u201cPara n\u00f3s, [&hellip;]<\/p>\n","protected":false},"author":2,"featured_media":6053,"comment_status":"closed","ping_status":"closed","sticky":false,"template":"","format":"standard","meta":{"footnotes":""},"categories":[1],"tags":[],"class_list":["post-6052","post","type-post","status-publish","format-standard","has-post-thumbnail","hentry","category-trabada"],"_links":{"self":[{"href":"https:\/\/trabada.gal\/gl\/wp-json\/wp\/v2\/posts\/6052","targetHints":{"allow":["GET"]}}],"collection":[{"href":"https:\/\/trabada.gal\/gl\/wp-json\/wp\/v2\/posts"}],"about":[{"href":"https:\/\/trabada.gal\/gl\/wp-json\/wp\/v2\/types\/post"}],"author":[{"embeddable":true,"href":"https:\/\/trabada.gal\/gl\/wp-json\/wp\/v2\/users\/2"}],"replies":[{"embeddable":true,"href":"https:\/\/trabada.gal\/gl\/wp-json\/wp\/v2\/comments?post=6052"}],"version-history":[{"count":0,"href":"https:\/\/trabada.gal\/gl\/wp-json\/wp\/v2\/posts\/6052\/revisions"}],"wp:featuredmedia":[{"embeddable":true,"href":"https:\/\/trabada.gal\/gl\/wp-json\/wp\/v2\/media\/6053"}],"wp:attachment":[{"href":"https:\/\/trabada.gal\/gl\/wp-json\/wp\/v2\/media?parent=6052"}],"wp:term":[{"taxonomy":"category","embeddable":true,"href":"https:\/\/trabada.gal\/gl\/wp-json\/wp\/v2\/categories?post=6052"},{"taxonomy":"post_tag","embeddable":true,"href":"https:\/\/trabada.gal\/gl\/wp-json\/wp\/v2\/tags?post=6052"}],"curies":[{"name":"wp","href":"https:\/\/api.w.org\/{rel}","templated":true}]}}