{"id":6060,"date":"2022-06-02T15:06:25","date_gmt":"2022-06-02T15:06:25","guid":{"rendered":"https:\/\/trabada.gal\/?p=6060"},"modified":"2022-06-02T15:06:26","modified_gmt":"2022-06-02T15:06:26","slug":"a-alcaldesa-de-trabada-reivindica-na-comision-de-despoboacion-da-femp-en-caceres-a-importancia-duns-servizos-publicos-de-calidade-no-rural","status":"publish","type":"post","link":"https:\/\/trabada.gal\/gl\/2022\/06\/02\/a-alcaldesa-de-trabada-reivindica-na-comision-de-despoboacion-da-femp-en-caceres-a-importancia-duns-servizos-publicos-de-calidade-no-rural\/","title":{"rendered":"A ALCALDESA DE TRABADA REIVINDICA NA COMISI\u00d3N DE DESPOBOACI\u00d3N DA FEMP EN C\u00c1CERES \u201cA IMPORTANCIA DUNS SERVIZOS P\u00daBLICOS DE CALIDADE NO RURAL\u201d"},"content":{"rendered":"<p>A alcaldesa do Concello de Trabada, Mayra Garc\u00eda Berm\u00fadez, reivindicou hoxe en C\u00e1ceres \u201ca importancia duns servizos p\u00fablicos de calidade no rural\u201d, po\u00f1endo en valor iniciativas do Ministerio de Reto Demogr\u00e1fico \u201ccomo o Campus Rural ou os programas de axudas, tanto para administraci\u00f3ns como para entidades sen \u00e1nimo de lucro ou empresas para levar a cabo proxectos transversais no rural\u201d.<\/p>\n\n\n\n<p>Garc\u00eda Berm\u00fadez participa na Comisi\u00f3n de Despoboaci\u00f3n e Reto Demogr\u00e1fico da Federaci\u00f3n Espa\u00f1ola de Municipios y Provincias (Femp), que se celebra no municipio extreme\u00f1o.<\/p>\n\n\n\n<p>\u201c\u00c9 preciso que as comunidades aut\u00f3nomas se impliquen, vimos de lograr no seno da Fegamp un acordo coa Conseller\u00eda de Pol\u00edtica social para incrementar o que nos abona a Xunta por hora no Servizo de Axuda no Fogar (SAF), pero os concellos seguimos aportando fondos propios para atender aos nosos maiores, mentres vemos como a Xunta dilapida 4,5 millons de euros no aluguer de autobuses para o programa \u2018Porta a Porta\u2019\u201d, apunta a alcaldesa.<\/p>\n\n\n\n<p>Mayra Garc\u00eda Berm\u00fadez defendeu as actividades do sector primario e incidiu en que os concellos precisan unha maior cooperaci\u00f3n e un maior financiamento doutras administraci\u00f3ns, especialmente das comunidades aut\u00f3nomas, para prestar \u201cuns bos servizos aos nosos veci\u00f1os e veci\u00f1as\u201d, posto que as comunidades aut\u00f3nomas reciben directamente do Estado mediante convenios fondos europeos do Programa de Recuperaci\u00f3n e Resiliencia do Goberno de Espa\u00f1a.<\/p>\n\n\n\n<p>A alcaldesa repasou as infraestruturas postas en marcha polo goberno local de Trabada. Entre elas, \u201cunha residencia de maiores p\u00fablica, un punto de atenci\u00f3n \u00e1 infancia, servicio de transporte gratu\u00edto para os maiores, programas de envellecemento activo nas parroquias, programas de conciliaci\u00f3n laboral, programa de madrugadores, todas eles con escasa ou nula participaci\u00f3n econ\u00f3mica da Xunta de Galicia e financiadas con fondos propios do Concello e coa cooperaci\u00f3n da Deputaci\u00f3n de Lugo\u201d, lembrou.<\/p>\n\n\n\n<p><strong>DESENVOLVEMENTO SOSTIBLE<\/strong><\/p>\n\n\n\n<p>As economistas Mar\u00eda Celia L\u00f3pez Penabad e Ana Iglesias Casal, da Universidade de Santiago (USC), e Luc\u00eda Rey Ares, da Universidade da Coru\u00f1a (UDC), ve\u00f1en de presentar un \u00cdndice de Desenvolvemento Sostible entre os 114 concellos rurais de Galicia.<\/p>\n\n\n\n<p>Trabada lidera o \u00edndice, grazas aos esforzos dos \u00faltimos anos desde o concello por mellorar servizos como a educaci\u00f3n, a sanidade, a atenci\u00f3n aos maiores e o servizo de axuda no fogar.<\/p>\n\n\n\n<p>As economistas destacan que \u00e9 o \u201cprimeiro \u00edndice de desenvolvemento rural sostible que se aplica a Galicia\u201d para \u201cdeterminar que factores es\u00f3xenos infl\u00faen nel\u201d.<\/p>\n\n\n\n<p>O \u00edndice constru\u00eduse en base a catro dimensi\u00f3ns: demogr\u00e1fica, social, econ\u00f3mica e ambiental. A an\u00e1lise comparativa do \u00edndice de desenvolvemento rural sostible permitiu avaliar a situaci\u00f3n de cada concello rural (localidades con menos de 2.000 habitantes).<\/p>\n\n\n\n<p>As variables sociais (nos que inclu\u00edron centros docentes non universitarios, n\u00famero de m\u00e9dicos de atenci\u00f3n primaria e horas de servizo de axuda no fogar) son, en xeral, as responsables das maiores diferenzas dos concellos neste \u00edndice.<\/p>","protected":false},"excerpt":{"rendered":"<p>A alcaldesa do Concello de Trabada, Mayra Garc\u00eda Berm\u00fadez, reivindicou hoxe en C\u00e1ceres \u201ca importancia duns servizos p\u00fablicos de calidade no rural\u201d, po\u00f1endo en valor iniciativas do Ministerio de Reto Demogr\u00e1fico \u201ccomo o Campus Rural ou os programas de axudas, tanto para administraci\u00f3ns como para entidades sen \u00e1nimo de lucro ou empresas para levar a [&hellip;]<\/p>\n","protected":false},"author":2,"featured_media":6061,"comment_status":"closed","ping_status":"closed","sticky":false,"template":"","format":"standard","meta":{"footnotes":""},"categories":[1],"tags":[],"class_list":["post-6060","post","type-post","status-publish","format-standard","has-post-thumbnail","hentry","category-trabada"],"_links":{"self":[{"href":"https:\/\/trabada.gal\/gl\/wp-json\/wp\/v2\/posts\/6060","targetHints":{"allow":["GET"]}}],"collection":[{"href":"https:\/\/trabada.gal\/gl\/wp-json\/wp\/v2\/posts"}],"about":[{"href":"https:\/\/trabada.gal\/gl\/wp-json\/wp\/v2\/types\/post"}],"author":[{"embeddable":true,"href":"https:\/\/trabada.gal\/gl\/wp-json\/wp\/v2\/users\/2"}],"replies":[{"embeddable":true,"href":"https:\/\/trabada.gal\/gl\/wp-json\/wp\/v2\/comments?post=6060"}],"version-history":[{"count":0,"href":"https:\/\/trabada.gal\/gl\/wp-json\/wp\/v2\/posts\/6060\/revisions"}],"wp:featuredmedia":[{"embeddable":true,"href":"https:\/\/trabada.gal\/gl\/wp-json\/wp\/v2\/media\/6061"}],"wp:attachment":[{"href":"https:\/\/trabada.gal\/gl\/wp-json\/wp\/v2\/media?parent=6060"}],"wp:term":[{"taxonomy":"category","embeddable":true,"href":"https:\/\/trabada.gal\/gl\/wp-json\/wp\/v2\/categories?post=6060"},{"taxonomy":"post_tag","embeddable":true,"href":"https:\/\/trabada.gal\/gl\/wp-json\/wp\/v2\/tags?post=6060"}],"curies":[{"name":"wp","href":"https:\/\/api.w.org\/{rel}","templated":true}]}}