{"id":6078,"date":"2022-06-29T12:25:29","date_gmt":"2022-06-29T12:25:29","guid":{"rendered":"https:\/\/trabada.gal\/?p=6078"},"modified":"2022-06-29T12:25:30","modified_gmt":"2022-06-29T12:25:30","slug":"o-concello-consegue-unha-subvencion-para-rehabilitar-a-primeira-planta-da-casa-escola-de-trabadela-e-destinala-a-vivenda-de-alugamento-social","status":"publish","type":"post","link":"https:\/\/trabada.gal\/gl\/2022\/06\/29\/o-concello-consegue-unha-subvencion-para-rehabilitar-a-primeira-planta-da-casa-escola-de-trabadela-e-destinala-a-vivenda-de-alugamento-social\/","title":{"rendered":"O CONCELLO CONSEGUE UNHA SUBVENCI\u00d3N PARA REHABILITAR A PRIMEIRA PLANTA DA CASA ESCOLA DE TRABADELA E DESTINALA A VIVENDA DE ALUGAMENTO SOCIAL"},"content":{"rendered":"<p>O Concello de Trabada conseguiu unha subvenci\u00f3n do Instituto Galego de Vivenda e Solo (IGVS) para rehabilitar a primeira planta da casa escola de Trabadela, un inmoble de titularidade municipal.<\/p>\n\n\n\n<p>O orzamento das obras de reforma \u00e9 de 28.819,43 euros e a subvenci\u00f3n obtida polo concello \u00e9 de 25.937,48 euros. Unha vez rematada a actuaci\u00f3n, a vivenda destinarase a alugamento social.<\/p>\n\n\n\n<p>\u201cGrazas ao esforzo do grupo de goberno temos esta nova subvenci\u00f3n, unha axuda moi importante porque o obxectivo \u00e9 o alugamento social dunha vivenda municipal ubicada no rural, mellorando desta forma os servizos do n\u00facleo de Trabadela\u201d, afirma a alcaldesa.<\/p>\n\n\n\n<p>O proxecto consiste na remodelaci\u00f3n da vivenda para dotala de mellores condici\u00f3ns de habitabilidade, mediante o redimensionado da zona de d\u00eda composta por sal\u00f3n-comedor-coci\u00f1a e do ba\u00f1o, mentres que se mante\u00f1en os tres dormitorios existentes.<\/p>\n\n\n\n<p>Grazas as reformas previstas, mell\u00f3ranse as dimensi\u00f3ns dos distintos espazos, dot\u00e1ndoos de maior funcionalidade e mellores condici\u00f3ns de accesibilidade. Tam\u00e9n se melloran as condici\u00f3ns de habitabilidade da vivenda mediante a mellora do illamento das fachadas e a instalaci\u00f3n dun sistema de calefacci\u00f3n.<\/p>","protected":false},"excerpt":{"rendered":"<p>O Concello de Trabada conseguiu unha subvenci\u00f3n do Instituto Galego de Vivenda e Solo (IGVS) para rehabilitar a primeira planta da casa escola de Trabadela, un inmoble de titularidade municipal. O orzamento das obras de reforma \u00e9 de 28.819,43 euros e a subvenci\u00f3n obtida polo concello \u00e9 de 25.937,48 euros. Unha vez rematada a actuaci\u00f3n, [&hellip;]<\/p>\n","protected":false},"author":2,"featured_media":6079,"comment_status":"closed","ping_status":"closed","sticky":false,"template":"","format":"standard","meta":{"footnotes":""},"categories":[1],"tags":[],"class_list":["post-6078","post","type-post","status-publish","format-standard","has-post-thumbnail","hentry","category-trabada"],"_links":{"self":[{"href":"https:\/\/trabada.gal\/gl\/wp-json\/wp\/v2\/posts\/6078","targetHints":{"allow":["GET"]}}],"collection":[{"href":"https:\/\/trabada.gal\/gl\/wp-json\/wp\/v2\/posts"}],"about":[{"href":"https:\/\/trabada.gal\/gl\/wp-json\/wp\/v2\/types\/post"}],"author":[{"embeddable":true,"href":"https:\/\/trabada.gal\/gl\/wp-json\/wp\/v2\/users\/2"}],"replies":[{"embeddable":true,"href":"https:\/\/trabada.gal\/gl\/wp-json\/wp\/v2\/comments?post=6078"}],"version-history":[{"count":0,"href":"https:\/\/trabada.gal\/gl\/wp-json\/wp\/v2\/posts\/6078\/revisions"}],"wp:featuredmedia":[{"embeddable":true,"href":"https:\/\/trabada.gal\/gl\/wp-json\/wp\/v2\/media\/6079"}],"wp:attachment":[{"href":"https:\/\/trabada.gal\/gl\/wp-json\/wp\/v2\/media?parent=6078"}],"wp:term":[{"taxonomy":"category","embeddable":true,"href":"https:\/\/trabada.gal\/gl\/wp-json\/wp\/v2\/categories?post=6078"},{"taxonomy":"post_tag","embeddable":true,"href":"https:\/\/trabada.gal\/gl\/wp-json\/wp\/v2\/tags?post=6078"}],"curies":[{"name":"wp","href":"https:\/\/api.w.org\/{rel}","templated":true}]}}