{"id":6081,"date":"2022-06-29T19:05:14","date_gmt":"2022-06-29T19:05:14","guid":{"rendered":"https:\/\/trabada.gal\/?p=6081"},"modified":"2022-06-29T19:05:15","modified_gmt":"2022-06-29T19:05:15","slug":"o-concello-de-trabada-recibira-a-marta-pedrosa-e-acuae-puga-tras-ganar-o-bronce-no-nacional-de-remo-olimpico","status":"publish","type":"post","link":"https:\/\/trabada.gal\/gl\/2022\/06\/29\/o-concello-de-trabada-recibira-a-marta-pedrosa-e-acuae-puga-tras-ganar-o-bronce-no-nacional-de-remo-olimpico\/","title":{"rendered":"O CONCELLO DE TRABADA RECIBIR\u00c1 A MARTA PEDROSA E ACUAE PUGA TRAS GA\u00d1AR O BRONCE NO NACIONAL DE REMO OL\u00cdMPICO"},"content":{"rendered":"<p>O Concello de Trabada felicita a Marta Pedrosa e Acuae Puga do Club Remeros del Eo tras lograr o bronce no Campionato Nacional de Remo Ol\u00edmpico en categor\u00eda xuvenil.<\/p>\n\n\n\n<p>O equipo f\u00f3rmano estas d\u00faas deportistas, unha delas de R\u00eda de Abres (Trabada) e a outra de Abres (Vegadeo).<\/p>\n\n\n\n<p>A alcaldesa de Trabada, <a href=\"https:\/\/www.facebook.com\/mayra.garciabermudez?__cft__%5b0%5d=AZVWAjyWntnZrDyy8b4sYdqBFwtAWUXstpzLuKvtCttDEGjFCmAxW5ipeOAqs1nRZKewFneHZoz8Bt7Zc8T_6jQR-bciNNX2T2zRpdi7DNNYoWU9I2Vl2nrpSkvAlMGX5wKJF8pYbwbNxuShagJvtJN-rxc8nYI2pJrR0jgnoteovQ1sScAmcFzFGX4JeIvTWPIofBl9U0s7w1SeWlgO4Wvs&amp;__tn__=-%5dK-R\">Mayra Garc\u00eda Berm\u00fadez<\/a>, ofreceralles unha recepci\u00f3n oficial o pr\u00f3ximo luns, d\u00eda 4 de xullo, na que lles trasladar\u00e1 a s\u00faa noraboa persoalmente.<\/p>","protected":false},"excerpt":{"rendered":"<p>O Concello de Trabada felicita a Marta Pedrosa e Acuae Puga do Club Remeros del Eo tras lograr o bronce no Campionato Nacional de Remo Ol\u00edmpico en categor\u00eda xuvenil. O equipo f\u00f3rmano estas d\u00faas deportistas, unha delas de R\u00eda de Abres (Trabada) e a outra de Abres (Vegadeo). A alcaldesa de Trabada, Mayra Garc\u00eda Berm\u00fadez, [&hellip;]<\/p>\n","protected":false},"author":2,"featured_media":6082,"comment_status":"closed","ping_status":"closed","sticky":false,"template":"","format":"standard","meta":{"footnotes":""},"categories":[1],"tags":[],"class_list":["post-6081","post","type-post","status-publish","format-standard","has-post-thumbnail","hentry","category-trabada"],"_links":{"self":[{"href":"https:\/\/trabada.gal\/gl\/wp-json\/wp\/v2\/posts\/6081","targetHints":{"allow":["GET"]}}],"collection":[{"href":"https:\/\/trabada.gal\/gl\/wp-json\/wp\/v2\/posts"}],"about":[{"href":"https:\/\/trabada.gal\/gl\/wp-json\/wp\/v2\/types\/post"}],"author":[{"embeddable":true,"href":"https:\/\/trabada.gal\/gl\/wp-json\/wp\/v2\/users\/2"}],"replies":[{"embeddable":true,"href":"https:\/\/trabada.gal\/gl\/wp-json\/wp\/v2\/comments?post=6081"}],"version-history":[{"count":0,"href":"https:\/\/trabada.gal\/gl\/wp-json\/wp\/v2\/posts\/6081\/revisions"}],"wp:featuredmedia":[{"embeddable":true,"href":"https:\/\/trabada.gal\/gl\/wp-json\/wp\/v2\/media\/6082"}],"wp:attachment":[{"href":"https:\/\/trabada.gal\/gl\/wp-json\/wp\/v2\/media?parent=6081"}],"wp:term":[{"taxonomy":"category","embeddable":true,"href":"https:\/\/trabada.gal\/gl\/wp-json\/wp\/v2\/categories?post=6081"},{"taxonomy":"post_tag","embeddable":true,"href":"https:\/\/trabada.gal\/gl\/wp-json\/wp\/v2\/tags?post=6081"}],"curies":[{"name":"wp","href":"https:\/\/api.w.org\/{rel}","templated":true}]}}