{"id":6085,"date":"2022-07-01T12:13:01","date_gmt":"2022-07-01T12:13:01","guid":{"rendered":"https:\/\/trabada.gal\/?p=6085"},"modified":"2022-07-01T12:13:03","modified_gmt":"2022-07-01T12:13:03","slug":"a-alcaldesa-anuncia-un-investimento-de-178-000-euros-da-deputacion-de-lugo-para-renovar-un-vial-que-percorre-varios-nucleos-da-parroquia-de-sante","status":"publish","type":"post","link":"https:\/\/trabada.gal\/gl\/2022\/07\/01\/a-alcaldesa-anuncia-un-investimento-de-178-000-euros-da-deputacion-de-lugo-para-renovar-un-vial-que-percorre-varios-nucleos-da-parroquia-de-sante\/","title":{"rendered":"A ALCALDESA ANUNCIA UN INVESTIMENTO DE 178.000 EUROS DA DEPUTACI\u00d3N DE LUGO PARA RENOVAR UN VIAL QUE PERCORRE VARIOS N\u00daCLEOS DA PARROQUIA DE SANTE"},"content":{"rendered":"<p>O Concello de Trabada informa aos seus veci\u00f1os e veci\u00f1as dunhas obras para renovar un vial que percorre varios n\u00facleos da parroquia de Sante, cun investimento de 177.853,56 euros e un prazo de execuci\u00f3n de dous meses.<\/p>\n\n\n\n<p>A actuaci\u00f3n foi aprobada hoxe en xunta de goberno pola Deputaci\u00f3n de Lugo, respondendo \u00e1 demanda da alcaldesa de Trabada, Mayra Garc\u00eda Berm\u00fadez. \u201c\u00c9 unha obra moi importante, xa que falamos dun vial que da acceso a moitas vivendas e pasa por varios n\u00facleos da parroquia de Sante; \u00e9 ademais a principal conexi\u00f3n da parroquia hacia a N-640\u201d, explica.&nbsp;<\/p>\n\n\n\n<p>Este vial xa se pavimentou co parque m\u00f3bil da Deputaci\u00f3n no ano 2016, mediante rego asf\u00e1ltico, e agora renovarase con aglomerado en quente. Adem\u00e1is da importancia desta v\u00eda polo tr\u00e1fico que ten, hai que ter en conta que a maquinaria agr\u00edcola e forestal cada vez \u00e9 m\u00e1is pesada, o que contrib\u00fae ao maior deterioro dos viais.<\/p>\n\n\n\n<p>En concreto, os traballos de renovaci\u00f3n do firme ser\u00e1n na LU-P-6104 que une Trabadela e A R\u00eda de Abres (N-640). Un total de catro quil\u00f3metros moi transitados polos veci\u00f1os da zona.<\/p>\n\n\n\n<p>A alcaldesa de Trabada agradece o compromiso e a colaboraci\u00f3n da Deputaci\u00f3n de Lugo \u201cpara a mellora continua das estradas provincias e do conxunto dos servizos e infraestruturas p\u00fablicas do noso concello\u201d.<\/p>\n\n\n\n<p>Como exemplo, nos \u00faltimos anos a Deputaci\u00f3n investiu 191.507,54 euros na reposici\u00f3n da ponte sobre o r\u00edo Trabada na LU-P-6104; 136.076 euros na rehabilitaci\u00f3n do firme da LU-P-5204 en Vidal; m\u00e1is de 400.000 euros na pavimentaci\u00f3n da LU-P-6103, de Trabada, por F\u00f3rnea, a Barreiros; renovouse tam\u00e9n o pavimento da LU-P-5506, de Augaxosa a Trabada (636.094 euros).<\/p>\n\n\n\n<p>Por \u00faltimo, na estrada provincial de Vilaform\u00e1n f\u00edxose recentemente un rebacheo, \u201cpolo tanto, pouco a pouco imos mellorando todas as estradas provinciais\u201d, remata Garc\u00eda Berm\u00fadez.<\/p>","protected":false},"excerpt":{"rendered":"<p>O Concello de Trabada informa aos seus veci\u00f1os e veci\u00f1as dunhas obras para renovar un vial que percorre varios n\u00facleos da parroquia de Sante, cun investimento de 177.853,56 euros e un prazo de execuci\u00f3n de dous meses. A actuaci\u00f3n foi aprobada hoxe en xunta de goberno pola Deputaci\u00f3n de Lugo, respondendo \u00e1 demanda da alcaldesa [&hellip;]<\/p>\n","protected":false},"author":2,"featured_media":6086,"comment_status":"closed","ping_status":"closed","sticky":false,"template":"","format":"standard","meta":{"footnotes":""},"categories":[1],"tags":[],"class_list":["post-6085","post","type-post","status-publish","format-standard","has-post-thumbnail","hentry","category-trabada"],"_links":{"self":[{"href":"https:\/\/trabada.gal\/gl\/wp-json\/wp\/v2\/posts\/6085","targetHints":{"allow":["GET"]}}],"collection":[{"href":"https:\/\/trabada.gal\/gl\/wp-json\/wp\/v2\/posts"}],"about":[{"href":"https:\/\/trabada.gal\/gl\/wp-json\/wp\/v2\/types\/post"}],"author":[{"embeddable":true,"href":"https:\/\/trabada.gal\/gl\/wp-json\/wp\/v2\/users\/2"}],"replies":[{"embeddable":true,"href":"https:\/\/trabada.gal\/gl\/wp-json\/wp\/v2\/comments?post=6085"}],"version-history":[{"count":0,"href":"https:\/\/trabada.gal\/gl\/wp-json\/wp\/v2\/posts\/6085\/revisions"}],"wp:featuredmedia":[{"embeddable":true,"href":"https:\/\/trabada.gal\/gl\/wp-json\/wp\/v2\/media\/6086"}],"wp:attachment":[{"href":"https:\/\/trabada.gal\/gl\/wp-json\/wp\/v2\/media?parent=6085"}],"wp:term":[{"taxonomy":"category","embeddable":true,"href":"https:\/\/trabada.gal\/gl\/wp-json\/wp\/v2\/categories?post=6085"},{"taxonomy":"post_tag","embeddable":true,"href":"https:\/\/trabada.gal\/gl\/wp-json\/wp\/v2\/tags?post=6085"}],"curies":[{"name":"wp","href":"https:\/\/api.w.org\/{rel}","templated":true}]}}