{"id":6095,"date":"2022-07-15T10:37:37","date_gmt":"2022-07-15T10:37:37","guid":{"rendered":"https:\/\/trabada.gal\/?p=6095"},"modified":"2022-07-15T10:37:38","modified_gmt":"2022-07-15T10:37:38","slug":"trabada-organiza-durante-os-meses-de-veran-actividades-deportivas-para-nenos-e-nenas-de-entre-12-e-16-anos","status":"publish","type":"post","link":"https:\/\/trabada.gal\/gl\/2022\/07\/15\/trabada-organiza-durante-os-meses-de-veran-actividades-deportivas-para-nenos-e-nenas-de-entre-12-e-16-anos\/","title":{"rendered":"TRABADA ORGANIZA DURANTE OS MESES DE VER\u00c1N ACTIVIDADES DEPORTIVAS PARA NENOS E NENAS DE ENTRE 12 E 16 ANOS"},"content":{"rendered":"<p>O Concello de Trabada organiza durante os meses de xullo e agosto actividades deportivas para nenos e nenas de entre 12 e 16 anos.<\/p>\n\n\n\n<p>Entre as actividades ofertadas, figuran o break dance (un d\u00eda a semana); p\u00e1del (un d\u00eda \u00e1 semana), e outro d\u00eda de actividades no exterior (ruta de sendeirismo, descenso en canoa polo r\u00edo Eo, p\u00e1del surf, rutas en bicicleta, etc\u00e9tera).<\/p>\n\n\n\n<p>\u201c\u00c9 unha forma de impulsar o deporte e os h\u00e1bitos de vida saudables entre os nenos e nenas, \u00e1 vez que favorecemos a conciliaci\u00f3n da vida familiar e laboral dos seus pais\u201d, explica o concelleiro de Deportes e Sa\u00fade de Trabada, Rub\u00e9n Garc\u00eda.<\/p>\n\n\n\n<p>\u201cA d\u00eda de hoxe, contamos con oito nenos e nenas inscritos, e para impartir ditas actividades contamos con persoas do noso concello\u201d, engade Garc\u00eda.<\/p>\n\n\n\n<p>O Concello de Trabada ofrece ademais estas actividades para dar a co\u00f1ecer os seus recursos tur\u00edsticos e po\u00f1er en valor as nosas instalaci\u00f3ns municipais. Esta programaci\u00f3n s\u00famase ao campamento de ver\u00e1n para nenos e nenas de entre 3 e 12 anos.<\/p>\n\n\n\n<p>Para o goberno local de Trabada, este tipo de iniciativas e medidas de conciliaci\u00f3n son fundamentais para fixar poboaci\u00f3n no rural.<\/p>","protected":false},"excerpt":{"rendered":"<p>O Concello de Trabada organiza durante os meses de xullo e agosto actividades deportivas para nenos e nenas de entre 12 e 16 anos. Entre as actividades ofertadas, figuran o break dance (un d\u00eda a semana); p\u00e1del (un d\u00eda \u00e1 semana), e outro d\u00eda de actividades no exterior (ruta de sendeirismo, descenso en canoa polo [&hellip;]<\/p>\n","protected":false},"author":2,"featured_media":6096,"comment_status":"closed","ping_status":"closed","sticky":false,"template":"","format":"standard","meta":{"footnotes":""},"categories":[1],"tags":[],"class_list":["post-6095","post","type-post","status-publish","format-standard","has-post-thumbnail","hentry","category-trabada"],"_links":{"self":[{"href":"https:\/\/trabada.gal\/gl\/wp-json\/wp\/v2\/posts\/6095","targetHints":{"allow":["GET"]}}],"collection":[{"href":"https:\/\/trabada.gal\/gl\/wp-json\/wp\/v2\/posts"}],"about":[{"href":"https:\/\/trabada.gal\/gl\/wp-json\/wp\/v2\/types\/post"}],"author":[{"embeddable":true,"href":"https:\/\/trabada.gal\/gl\/wp-json\/wp\/v2\/users\/2"}],"replies":[{"embeddable":true,"href":"https:\/\/trabada.gal\/gl\/wp-json\/wp\/v2\/comments?post=6095"}],"version-history":[{"count":0,"href":"https:\/\/trabada.gal\/gl\/wp-json\/wp\/v2\/posts\/6095\/revisions"}],"wp:featuredmedia":[{"embeddable":true,"href":"https:\/\/trabada.gal\/gl\/wp-json\/wp\/v2\/media\/6096"}],"wp:attachment":[{"href":"https:\/\/trabada.gal\/gl\/wp-json\/wp\/v2\/media?parent=6095"}],"wp:term":[{"taxonomy":"category","embeddable":true,"href":"https:\/\/trabada.gal\/gl\/wp-json\/wp\/v2\/categories?post=6095"},{"taxonomy":"post_tag","embeddable":true,"href":"https:\/\/trabada.gal\/gl\/wp-json\/wp\/v2\/tags?post=6095"}],"curies":[{"name":"wp","href":"https:\/\/api.w.org\/{rel}","templated":true}]}}