{"id":6115,"date":"2022-08-10T10:18:03","date_gmt":"2022-08-10T10:18:03","guid":{"rendered":"https:\/\/trabada.gal\/?p=6115"},"modified":"2022-08-10T10:18:07","modified_gmt":"2022-08-10T10:18:07","slug":"o-concello-de-trabada-acolle-nas-festas-patronais-unha-ampla-programacion-de-actividades-ludicas-e-de-lecer-para-todas-as-idades","status":"publish","type":"post","link":"https:\/\/trabada.gal\/gl\/2022\/08\/10\/o-concello-de-trabada-acolle-nas-festas-patronais-unha-ampla-programacion-de-actividades-ludicas-e-de-lecer-para-todas-as-idades\/","title":{"rendered":"O CONCELLO DE TRABADA ACOLLE NAS FESTAS PATRONAIS UNHA AMPLA PROGRAMACI\u00d3N DE ACTIVIDADES L\u00daDICAS E DE LECER PARA TODAS AS IDADES"},"content":{"rendered":"<p>O Concello de Trabada acolle desde este venres, d\u00eda 12, e coincidindo coas festas patronais unha ampla programaci\u00f3n de actividades l\u00fadicas e de lecer para os seus veci\u00f1os e visitantes.<\/p>\n\n\n\n<p>\u201cNuns d\u00edas de numerosos encontros familiares e de amizade en Trabada, quixemos confeccionar unha programaci\u00f3n familiar, apostando ademais pola cultura galega e pola gastronom\u00eda baseada nos produtos locais\u201d, sinala a alcaldesa, Mayra Garc\u00eda Berm\u00fadez.<\/p>\n\n\n\n<p>Por unha parte, chegan de novo \u00e1 praza do concello os &#8216;Ser\u00e1ns Culturais&#8217;, con diferentes espect\u00e1culos art\u00edsticos, como concertos musicais, cine ou maxia. Este venres, 12 de agosto, actuar\u00e1 \u2018Ux\u00eda Lambona e a Banda Molona\u2019 \u00e1s 18:00 horas. Esa mesma noite, \u00e1s 22:00 horas, proxectarase a pel\u00edcula \u2018Valentina\u2019.<\/p>\n\n\n\n<p>O domingo 14 de agosto o programa \u2018Saborea a t\u00faa provincia\u2019, da Deputaci\u00f3n de Lugo, visitar\u00e1 Trabada cunha proposta de actividades relacionadas coa gastronom\u00eda.<\/p>\n\n\n\n<p>Esta xornada gastron\u00f3mica e l\u00fadica, que comezar\u00e1 \u00e1s 12:30 horas, estar\u00e1 amenizada polo grupo tradicional \u2018Tumba e dalle\u2019. Haber\u00e1 un obradoiro de coci\u00f1a infantil, degustaci\u00f3ns e a mellor gastronom\u00eda lucense coas tapas que elaborar\u00e1n os profesionais que forman parte da asociaci\u00f3n \u2018Coci\u00f1eiros Lugo\u2019. Iria Est\u00e9vez Music ofrecer\u00e1 ademais o seu concerto \u2018Atl\u00e1ntica\u2019. Pola tarde, \u00e1s 18 horas, actuar\u00e1 \u2018Kote Malabar\u2019 co espect\u00e1culo \u2018Cirkote\u2019.<\/p>\n\n\n\n<p>O luns 15 de agosto, d\u00eda de Santa Mar\u00eda, actuar\u00e1 \u2018Mam\u00e1 Cabra\u2019 \u00e1s 18:00 horas, mentres que o martes 16 de agosto, d\u00eda de San Roque, Trabada recibir\u00e1 a actuaci\u00f3n do rockeiro e guitarreiro \u2018Pakolas\u2019.<\/p>","protected":false},"excerpt":{"rendered":"<p>O Concello de Trabada acolle desde este venres, d\u00eda 12, e coincidindo coas festas patronais unha ampla programaci\u00f3n de actividades l\u00fadicas e de lecer para os seus veci\u00f1os e visitantes. \u201cNuns d\u00edas de numerosos encontros familiares e de amizade en Trabada, quixemos confeccionar unha programaci\u00f3n familiar, apostando ademais pola cultura galega e pola gastronom\u00eda baseada [&hellip;]<\/p>\n","protected":false},"author":2,"featured_media":6116,"comment_status":"closed","ping_status":"closed","sticky":false,"template":"","format":"standard","meta":{"footnotes":""},"categories":[1],"tags":[],"class_list":["post-6115","post","type-post","status-publish","format-standard","has-post-thumbnail","hentry","category-trabada"],"_links":{"self":[{"href":"https:\/\/trabada.gal\/gl\/wp-json\/wp\/v2\/posts\/6115","targetHints":{"allow":["GET"]}}],"collection":[{"href":"https:\/\/trabada.gal\/gl\/wp-json\/wp\/v2\/posts"}],"about":[{"href":"https:\/\/trabada.gal\/gl\/wp-json\/wp\/v2\/types\/post"}],"author":[{"embeddable":true,"href":"https:\/\/trabada.gal\/gl\/wp-json\/wp\/v2\/users\/2"}],"replies":[{"embeddable":true,"href":"https:\/\/trabada.gal\/gl\/wp-json\/wp\/v2\/comments?post=6115"}],"version-history":[{"count":0,"href":"https:\/\/trabada.gal\/gl\/wp-json\/wp\/v2\/posts\/6115\/revisions"}],"wp:featuredmedia":[{"embeddable":true,"href":"https:\/\/trabada.gal\/gl\/wp-json\/wp\/v2\/media\/6116"}],"wp:attachment":[{"href":"https:\/\/trabada.gal\/gl\/wp-json\/wp\/v2\/media?parent=6115"}],"wp:term":[{"taxonomy":"category","embeddable":true,"href":"https:\/\/trabada.gal\/gl\/wp-json\/wp\/v2\/categories?post=6115"},{"taxonomy":"post_tag","embeddable":true,"href":"https:\/\/trabada.gal\/gl\/wp-json\/wp\/v2\/tags?post=6115"}],"curies":[{"name":"wp","href":"https:\/\/api.w.org\/{rel}","templated":true}]}}