{"id":6131,"date":"2022-09-22T14:57:57","date_gmt":"2022-09-22T14:57:57","guid":{"rendered":"https:\/\/trabada.gal\/?p=6131"},"modified":"2022-09-22T14:57:58","modified_gmt":"2022-09-22T14:57:58","slug":"o-concello-de-trabada-retoma-as-actividades-deportivas-e-saudables-para-diferentes-idades","status":"publish","type":"post","link":"https:\/\/trabada.gal\/gl\/2022\/09\/22\/o-concello-de-trabada-retoma-as-actividades-deportivas-e-saudables-para-diferentes-idades\/","title":{"rendered":"O CONCELLO DE TRABADA RETOMA AS ACTIVIDADES DEPORTIVAS E SAUDABLES PARA DIFERENTES IDADES"},"content":{"rendered":"<p>O Concello de Trabada retoma as actividades deportivas dirixidas a persoas adultas de diferentes idades, co obxectivo de promover os h\u00e1bitos de vida saudables.<\/p>\n\n\n\n<p>En concreto, o concello informa aos seus veci\u00f1os e veci\u00f1as que dende o martes 4 de outubro rean\u00fadase o programa \u201c+ S\u00c1UDE\u201d, dirixido \u00e1s persoas maiores do municipio.&nbsp;<\/p>\n\n\n\n<p>\u201c\u00c9 un programa gratu\u00edto e que levaremos \u00e1s parroquias do concello coa finalidade de facilitar o acceso de t\u00f3dolos veci\u00f1os e veci\u00f1as. A finalidade desta iniciativa \u00e9 a de promover a autonom\u00eda das persoas maiores, e en consecuencia, mellorar a s\u00faa calidade de vida\u201d, explica a alcaldesa, Mayra Garc\u00eda Berm\u00fadez.&nbsp;<\/p>\n\n\n\n<p>Por outra banda, o Concello de Trabada oferta aos seus veci\u00f1os e veci\u00f1as unha actividade de ximnasia de mantemento que se impartir\u00e1 no pavill\u00f3n municipal. Esta actividade vai dirixida \u00e1s persoas adultas. Toda persoa interesada deber\u00e1 facer a inscrici\u00f3n nas oficinas municipais do concello antes do 30 de setembro.&nbsp;<\/p>\n\n\n\n<p>As\u00ed mesmo, o Concello de Trabada pon a disposici\u00f3n de nenos e adultos empadroados no Concello un servizo de transporte gratu\u00edto para acudir a cursos de nataci\u00f3n \u00e1 piscina municipal de Ribadeo. Toda persoa interesada nesta actividade deber\u00e1 facer a solicitude nas oficinas municipais antes do 30&nbsp;de setembro.&nbsp;<\/p>\n\n\n\n<p>\u201cDende que chegamos ao goberno, traballamos intensamente co \u00fanico obxetivo de mellorar o noso concello e polo tanto, a calidade de vida dos nosos veci\u00f1os e veci\u00f1as; queremos que te\u00f1an as mesmas oportunidades con independencia do lugar no que vivan\u201d, engadiu Mayra Garc\u00eda.&nbsp;<\/p>","protected":false},"excerpt":{"rendered":"<p>O Concello de Trabada retoma as actividades deportivas dirixidas a persoas adultas de diferentes idades, co obxectivo de promover os h\u00e1bitos de vida saudables. En concreto, o concello informa aos seus veci\u00f1os e veci\u00f1as que dende o martes 4 de outubro rean\u00fadase o programa \u201c+ S\u00c1UDE\u201d, dirixido \u00e1s persoas maiores do municipio.&nbsp; \u201c\u00c9 un programa [&hellip;]<\/p>\n","protected":false},"author":2,"featured_media":6132,"comment_status":"closed","ping_status":"closed","sticky":false,"template":"","format":"standard","meta":{"footnotes":""},"categories":[1],"tags":[],"class_list":["post-6131","post","type-post","status-publish","format-standard","has-post-thumbnail","hentry","category-trabada"],"_links":{"self":[{"href":"https:\/\/trabada.gal\/gl\/wp-json\/wp\/v2\/posts\/6131","targetHints":{"allow":["GET"]}}],"collection":[{"href":"https:\/\/trabada.gal\/gl\/wp-json\/wp\/v2\/posts"}],"about":[{"href":"https:\/\/trabada.gal\/gl\/wp-json\/wp\/v2\/types\/post"}],"author":[{"embeddable":true,"href":"https:\/\/trabada.gal\/gl\/wp-json\/wp\/v2\/users\/2"}],"replies":[{"embeddable":true,"href":"https:\/\/trabada.gal\/gl\/wp-json\/wp\/v2\/comments?post=6131"}],"version-history":[{"count":0,"href":"https:\/\/trabada.gal\/gl\/wp-json\/wp\/v2\/posts\/6131\/revisions"}],"wp:featuredmedia":[{"embeddable":true,"href":"https:\/\/trabada.gal\/gl\/wp-json\/wp\/v2\/media\/6132"}],"wp:attachment":[{"href":"https:\/\/trabada.gal\/gl\/wp-json\/wp\/v2\/media?parent=6131"}],"wp:term":[{"taxonomy":"category","embeddable":true,"href":"https:\/\/trabada.gal\/gl\/wp-json\/wp\/v2\/categories?post=6131"},{"taxonomy":"post_tag","embeddable":true,"href":"https:\/\/trabada.gal\/gl\/wp-json\/wp\/v2\/tags?post=6131"}],"curies":[{"name":"wp","href":"https:\/\/api.w.org\/{rel}","templated":true}]}}