{"id":6151,"date":"2022-11-04T19:05:43","date_gmt":"2022-11-04T19:05:43","guid":{"rendered":"https:\/\/trabada.gal\/?p=6151"},"modified":"2022-11-04T19:05:45","modified_gmt":"2022-11-04T19:05:45","slug":"xa-esta-aberto-o-prazo-de-inscricion-as-clases-de-baile-de-salon-organizadas-polo-concello-de-trabada","status":"publish","type":"post","link":"https:\/\/trabada.gal\/gl\/2022\/11\/04\/xa-esta-aberto-o-prazo-de-inscricion-as-clases-de-baile-de-salon-organizadas-polo-concello-de-trabada\/","title":{"rendered":"XA EST\u00c1 ABERTO O PRAZO DE INSCRICI\u00d3N \u00c1S CLASES DE BAILE DE SAL\u00d3N ORGANIZADAS POLO CONCELLO DE TRABADA"},"content":{"rendered":"<p>O Concello de Trabada informa aos seus veci\u00f1os e veci\u00f1as que est\u00e1 aberto o prazo de inscrici\u00f3n \u00e1s clases de baile de sal\u00f3n.<\/p>\n\n\n\n<p>As clases ser\u00e1n os venres de 21:30 a 23:00, no polideportivo municipal de Sante. O prezo por persoa \u00e9 de 20 euros mensuais. As inscrici\u00f3ns poden tramitarse por tel\u00e9fono no 982135011.<\/p>\n\n\n\n<p>A iniciativa est\u00e1 organizada polo Concello de Trabada e as clases est\u00e1n impartidas por Hover Cross.&nbsp;<\/p>","protected":false},"excerpt":{"rendered":"<p>O Concello de Trabada informa aos seus veci\u00f1os e veci\u00f1as que est\u00e1 aberto o prazo de inscrici\u00f3n \u00e1s clases de baile de sal\u00f3n. As clases ser\u00e1n os venres de 21:30 a 23:00, no polideportivo municipal de Sante. O prezo por persoa \u00e9 de 20 euros mensuais. As inscrici\u00f3ns poden tramitarse por tel\u00e9fono no 982135011. A [&hellip;]<\/p>\n","protected":false},"author":2,"featured_media":6152,"comment_status":"closed","ping_status":"closed","sticky":false,"template":"","format":"standard","meta":{"footnotes":""},"categories":[18],"tags":[],"class_list":["post-6151","post","type-post","status-publish","format-standard","has-post-thumbnail","hentry","category-cultura"],"_links":{"self":[{"href":"https:\/\/trabada.gal\/gl\/wp-json\/wp\/v2\/posts\/6151","targetHints":{"allow":["GET"]}}],"collection":[{"href":"https:\/\/trabada.gal\/gl\/wp-json\/wp\/v2\/posts"}],"about":[{"href":"https:\/\/trabada.gal\/gl\/wp-json\/wp\/v2\/types\/post"}],"author":[{"embeddable":true,"href":"https:\/\/trabada.gal\/gl\/wp-json\/wp\/v2\/users\/2"}],"replies":[{"embeddable":true,"href":"https:\/\/trabada.gal\/gl\/wp-json\/wp\/v2\/comments?post=6151"}],"version-history":[{"count":0,"href":"https:\/\/trabada.gal\/gl\/wp-json\/wp\/v2\/posts\/6151\/revisions"}],"wp:featuredmedia":[{"embeddable":true,"href":"https:\/\/trabada.gal\/gl\/wp-json\/wp\/v2\/media\/6152"}],"wp:attachment":[{"href":"https:\/\/trabada.gal\/gl\/wp-json\/wp\/v2\/media?parent=6151"}],"wp:term":[{"taxonomy":"category","embeddable":true,"href":"https:\/\/trabada.gal\/gl\/wp-json\/wp\/v2\/categories?post=6151"},{"taxonomy":"post_tag","embeddable":true,"href":"https:\/\/trabada.gal\/gl\/wp-json\/wp\/v2\/tags?post=6151"}],"curies":[{"name":"wp","href":"https:\/\/api.w.org\/{rel}","templated":true}]}}