{"id":6154,"date":"2022-11-09T13:02:06","date_gmt":"2022-11-09T13:02:06","guid":{"rendered":"https:\/\/trabada.gal\/?p=6154"},"modified":"2022-12-15T11:02:34","modified_gmt":"2022-12-15T11:02:34","slug":"o-concello-de-trabada-xa-dispon-de-tres-puntos-de-recarga-de-vehiculos-electricos","status":"publish","type":"post","link":"https:\/\/trabada.gal\/gl\/2022\/11\/09\/o-concello-de-trabada-xa-dispon-de-tres-puntos-de-recarga-de-vehiculos-electricos\/","title":{"rendered":"<strong>O CONCELLO DE TRABADA XA DISP\u00d3N DE TRES PUNTOS DE RECARGA DE VEH\u00cdCULOS EL\u00c9CTRICOS<\/strong>"},"content":{"rendered":"<div data-elementor-type=\"wp-post\" data-elementor-id=\"6154\" class=\"elementor elementor-6154\">\n\t\t\t\t\t\t<section class=\"elementor-section elementor-top-section elementor-element elementor-element-74e0a2e2 elementor-section-boxed elementor-section-height-default elementor-section-height-default\" data-id=\"74e0a2e2\" data-element_type=\"section\" data-e-type=\"section\">\n\t\t\t\t\t\t<div class=\"elementor-container elementor-column-gap-default\">\n\t\t\t\t\t<div class=\"elementor-column elementor-col-100 elementor-top-column elementor-element elementor-element-50515707\" data-id=\"50515707\" data-element_type=\"column\" data-e-type=\"column\">\n\t\t\t<div class=\"elementor-widget-wrap elementor-element-populated\">\n\t\t\t\t\t\t<div class=\"elementor-element elementor-element-4b8f2acd elementor-widget elementor-widget-text-editor\" data-id=\"4b8f2acd\" data-element_type=\"widget\" data-e-type=\"widget\" data-widget_type=\"text-editor.default\">\n\t\t\t\t<div class=\"elementor-widget-container\">\n\t\t\t\t\t\t\t\t\t\n<p>O Concello de Trabada xa disp\u00f3n de tres puntos de recarga de veh\u00edculos el\u00e9ctricos no municipio, un novo servizo para os seus veci\u00f1os e visitantes.<\/p>\n\n\n\n<p>A alcaldesa de Trabada, Mayra Garc\u00eda Berm\u00fadez, e a concelleira Julia Mar\u00eda Barcia visitaron hoxe estes puntos de recarga, emplazados nas inmediaci\u00f3ns da \u00e1rea de autocaravanas de R\u00eda de Abres, nas inmediaci\u00f3ns do Centro Etnogr\u00e1fico Xos\u00e9 Rocha e no almac\u00e9n municipal, situado no edificio do Centro de Sa\u00fade e da Casa da Cultura.<\/p>\n\n\n\n<p>Trabada conta con este servixo grazas \u00e1 obtenci\u00f3n dunhas axudas convocadas pola Xunta de Galicia con fondos do Goberno. Garc\u00eda Berm\u00fadez decidiu solicitar esta subvenci\u00f3n \u201cxa que \u00e9 moi necesario no rural avanzar no relativo \u00e1 mobilidade el\u00e9ctrica, e para elo \u00e9 preciso dotar o municipio de puntos de recarga de veh\u00edculos el\u00e9ctricos, m\u00e1is se cabe tendo en conta que en Trabada non hai ningunha gasolineira\u201d.<\/p>\n\n\n\n<p>A concesi\u00f3n destas axudas estaba supeditada ao financiamento por parte do Ministerio para a Transici\u00f3n Ecol\u00f3xica e o Reto Demogr\u00e1fico, no marco do plan MOVES III.<\/p>\n\n\n\n<p>O Concello de Trabada presentou en concreto tres solicitudes, cun orzamento de 12.713,83 euros, o que sup\u00f3n un investimento de 38.141,49 euros, dos cales a Xunta de Galicia financia cos fondos que lle transfire o Goberno 30.513,18 euros e o concello asume con cargo aos fondos propios 7.628,31 euros.<\/p>\n\t\t\t\t\t\t\t\t<\/div>\n\t\t\t\t<\/div>\n\t\t\t\t\t<\/div>\n\t\t<\/div>\n\t\t\t\t\t<\/div>\n\t\t<\/section>\n\t\t\t\t<section class=\"elementor-section elementor-top-section elementor-element elementor-element-88562c3 elementor-section-boxed elementor-section-height-default elementor-section-height-default\" data-id=\"88562c3\" data-element_type=\"section\" data-e-type=\"section\">\n\t\t\t\t\t\t<div class=\"elementor-container elementor-column-gap-default\">\n\t\t\t\t\t<div class=\"elementor-column elementor-col-100 elementor-top-column elementor-element elementor-element-e0f1b89\" data-id=\"e0f1b89\" data-element_type=\"column\" data-e-type=\"column\">\n\t\t\t<div class=\"elementor-widget-wrap elementor-element-populated\">\n\t\t\t\t\t\t<div class=\"elementor-element elementor-element-a20ce99 elementor-widget elementor-widget-image\" data-id=\"a20ce99\" data-element_type=\"widget\" data-e-type=\"widget\" data-widget_type=\"image.default\">\n\t\t\t\t<div class=\"elementor-widget-container\">\n\t\t\t\t\t\t\t\t\t\t\t\t\t\t\t<img fetchpriority=\"high\" decoding=\"async\" width=\"1024\" height=\"74\" src=\"https:\/\/trabada.gal\/wp-content\/uploads\/2022\/11\/logos-1-1024x74.png\" class=\"attachment-large size-large wp-image-6191\" alt=\"\" srcset=\"https:\/\/trabada.gal\/wp-content\/uploads\/2022\/11\/logos-1-1024x74.png 1024w, https:\/\/trabada.gal\/wp-content\/uploads\/2022\/11\/logos-1-300x22.png 300w, https:\/\/trabada.gal\/wp-content\/uploads\/2022\/11\/logos-1-768x55.png 768w, https:\/\/trabada.gal\/wp-content\/uploads\/2022\/11\/logos-1-1536x111.png 1536w, https:\/\/trabada.gal\/wp-content\/uploads\/2022\/11\/logos-1-18x1.png 18w, https:\/\/trabada.gal\/wp-content\/uploads\/2022\/11\/logos-1-600x43.png 600w, https:\/\/trabada.gal\/wp-content\/uploads\/2022\/11\/logos-1-560x40.png 560w, https:\/\/trabada.gal\/wp-content\/uploads\/2022\/11\/logos-1.png 1598w\" sizes=\"(max-width: 1024px) 100vw, 1024px\" \/>\t\t\t\t\t\t\t\t\t\t\t\t\t\t\t<\/div>\n\t\t\t\t<\/div>\n\t\t\t\t\t<\/div>\n\t\t<\/div>\n\t\t\t\t\t<\/div>\n\t\t<\/section>\n\t\t\t\t<\/div>","protected":false},"excerpt":{"rendered":"<p>O Concello de Trabada xa disp\u00f3n de tres puntos de recarga de veh\u00edculos el\u00e9ctricos no municipio, un novo servizo para os seus veci\u00f1os e visitantes. A alcaldesa de Trabada, Mayra Garc\u00eda Berm\u00fadez, e a concelleira Julia Mar\u00eda Barcia visitaron hoxe estes puntos de recarga, emplazados nas inmediaci\u00f3ns da \u00e1rea de autocaravanas de R\u00eda de Abres, [&hellip;]<\/p>\n","protected":false},"author":2,"featured_media":6155,"comment_status":"closed","ping_status":"closed","sticky":false,"template":"","format":"standard","meta":{"footnotes":""},"categories":[1],"tags":[],"class_list":["post-6154","post","type-post","status-publish","format-standard","has-post-thumbnail","hentry","category-trabada"],"_links":{"self":[{"href":"https:\/\/trabada.gal\/gl\/wp-json\/wp\/v2\/posts\/6154","targetHints":{"allow":["GET"]}}],"collection":[{"href":"https:\/\/trabada.gal\/gl\/wp-json\/wp\/v2\/posts"}],"about":[{"href":"https:\/\/trabada.gal\/gl\/wp-json\/wp\/v2\/types\/post"}],"author":[{"embeddable":true,"href":"https:\/\/trabada.gal\/gl\/wp-json\/wp\/v2\/users\/2"}],"replies":[{"embeddable":true,"href":"https:\/\/trabada.gal\/gl\/wp-json\/wp\/v2\/comments?post=6154"}],"version-history":[{"count":0,"href":"https:\/\/trabada.gal\/gl\/wp-json\/wp\/v2\/posts\/6154\/revisions"}],"wp:featuredmedia":[{"embeddable":true,"href":"https:\/\/trabada.gal\/gl\/wp-json\/wp\/v2\/media\/6155"}],"wp:attachment":[{"href":"https:\/\/trabada.gal\/gl\/wp-json\/wp\/v2\/media?parent=6154"}],"wp:term":[{"taxonomy":"category","embeddable":true,"href":"https:\/\/trabada.gal\/gl\/wp-json\/wp\/v2\/categories?post=6154"},{"taxonomy":"post_tag","embeddable":true,"href":"https:\/\/trabada.gal\/gl\/wp-json\/wp\/v2\/tags?post=6154"}],"curies":[{"name":"wp","href":"https:\/\/api.w.org\/{rel}","templated":true}]}}