{"id":6161,"date":"2022-11-18T13:18:17","date_gmt":"2022-11-18T13:18:17","guid":{"rendered":"https:\/\/trabada.gal\/?p=6161"},"modified":"2022-11-18T13:18:20","modified_gmt":"2022-11-18T13:18:20","slug":"o-concello-de-trabada-informa-de-que-as-obras-de-rehabilitacion-da-casa-escola-de-trabadela-avanzan-a-moi-bo-ritmo","status":"publish","type":"post","link":"https:\/\/trabada.gal\/gl\/2022\/11\/18\/o-concello-de-trabada-informa-de-que-as-obras-de-rehabilitacion-da-casa-escola-de-trabadela-avanzan-a-moi-bo-ritmo\/","title":{"rendered":"O CONCELLO DE TRABADA INFORMA DE QUE AS OBRAS DE REHABILITACI\u00d3N DA CASA ESCOLA DE TRABADELA AVANZAN A MOI BO RITMO"},"content":{"rendered":"\n<p>A alcaldesa de Trabada, <a href=\"https:\/\/www.facebook.com\/mayra.garciabermudez?__cft__[0]=AZXGidlyqYpcUwacTysprJWQfltF0vzflrQq-4lr2hgeyBGISlw5KA3mWY3J5kcNES0-KTTPxzc4o7xuaCP_ZJhHTjCXOLTto3u3COsvEzFAU6KoIOF0Z84ledV3Anw12zvvPjaFtBNjeImQRnk_3FGwlDnN-grmGSokOLyCBIAOi2rD32oZAVJs5udfk-0hSqc&amp;__tn__=-]K-R\">Mayra Garc\u00eda Berm\u00fadez<\/a>, e as concelleiras Julia Barcia Fern\u00e1ndez e Suevia Reimonde Gasalla supervisaron as obras de rehabilitaci\u00f3n da primeira planta da casa escola de Trabadela, un inmoble de titularidade municipal.<\/p>\n\n\n\n<p>Na s\u00faa visita puideron comprobar que a renovaci\u00f3n marcha a moi bo ritmo.<\/p>\n\n\n\n<p>O proxecto abarca a remodelaci\u00f3n da primeira planta do inmoble para dotalo de mellores condici\u00f3ns de habitabilidade, mediante o redimensionado da zona de d\u00eda composta por sal\u00f3n-comedor-coci\u00f1a e do ba\u00f1o, mentres que se mante\u00f1en os tres dormitorios existentes.<\/p>\n\n\n\n<p>O orzamento das obras de reforma \u00e9 de 40.255,95\u20ac euros e a subvenci\u00f3n que acadou o Concello de Trabada \u00e9 de 25.937,48 euros.<\/p>\n","protected":false},"excerpt":{"rendered":"<p>A alcaldesa de Trabada, Mayra Garc\u00eda Berm\u00fadez, e as concelleiras Julia Barcia Fern\u00e1ndez e Suevia Reimonde Gasalla supervisaron as obras de rehabilitaci\u00f3n da primeira planta da casa escola de Trabadela, un inmoble de titularidade municipal. Na s\u00faa visita puideron comprobar que a renovaci\u00f3n marcha a moi bo ritmo. O proxecto abarca a remodelaci\u00f3n da primeira [&hellip;]<\/p>\n","protected":false},"author":2,"featured_media":6162,"comment_status":"closed","ping_status":"closed","sticky":false,"template":"","format":"standard","meta":{"footnotes":""},"categories":[1],"tags":[],"class_list":["post-6161","post","type-post","status-publish","format-standard","has-post-thumbnail","hentry","category-trabada"],"_links":{"self":[{"href":"https:\/\/trabada.gal\/gl\/wp-json\/wp\/v2\/posts\/6161","targetHints":{"allow":["GET"]}}],"collection":[{"href":"https:\/\/trabada.gal\/gl\/wp-json\/wp\/v2\/posts"}],"about":[{"href":"https:\/\/trabada.gal\/gl\/wp-json\/wp\/v2\/types\/post"}],"author":[{"embeddable":true,"href":"https:\/\/trabada.gal\/gl\/wp-json\/wp\/v2\/users\/2"}],"replies":[{"embeddable":true,"href":"https:\/\/trabada.gal\/gl\/wp-json\/wp\/v2\/comments?post=6161"}],"version-history":[{"count":0,"href":"https:\/\/trabada.gal\/gl\/wp-json\/wp\/v2\/posts\/6161\/revisions"}],"wp:featuredmedia":[{"embeddable":true,"href":"https:\/\/trabada.gal\/gl\/wp-json\/wp\/v2\/media\/6162"}],"wp:attachment":[{"href":"https:\/\/trabada.gal\/gl\/wp-json\/wp\/v2\/media?parent=6161"}],"wp:term":[{"taxonomy":"category","embeddable":true,"href":"https:\/\/trabada.gal\/gl\/wp-json\/wp\/v2\/categories?post=6161"},{"taxonomy":"post_tag","embeddable":true,"href":"https:\/\/trabada.gal\/gl\/wp-json\/wp\/v2\/tags?post=6161"}],"curies":[{"name":"wp","href":"https:\/\/api.w.org\/{rel}","templated":true}]}}