{"id":6197,"date":"2023-01-12T16:32:37","date_gmt":"2023-01-12T16:32:37","guid":{"rendered":"https:\/\/trabada.gal\/?p=6197"},"modified":"2023-01-12T16:32:38","modified_gmt":"2023-01-12T16:32:38","slug":"proyecto-ilumin-para-a-renovacion-do-alumeado-en-trabada","status":"publish","type":"post","link":"https:\/\/trabada.gal\/gl\/2023\/01\/12\/proyecto-ilumin-para-a-renovacion-do-alumeado-en-trabada\/","title":{"rendered":"PROYECTO ILUMIN@ PARA A RENOVACI\u00d3N DO ALUMEADO EN TRABADA"},"content":{"rendered":"\n<p><strong>\u201c<em>Una manera de hacer Europa<\/em>\u201d<\/strong><\/p>\n\n\n\n<p><strong>Cofinanciado en un 80% por el FEDER<\/strong><\/p>\n\n\n\n<p><strong>PROYECTO ILUMIN@:<\/strong> Actuaci\u00f3n cofinanciada en un 80% por el Programa de Subvenciones para proyectos singulares de entidades locales que favorezcan el paso a una econom\u00eda baja en carbono en el marco del Programa operativo FEDER de crecimiento sostenible 2014-2020, asumiendo el restante 20% la Diputaci\u00f3n de Lugo con fondos propios.<\/p>\n\n\n\n<ul class=\"wp-block-list\">\n<li><strong>DESCRIPCI\u00d3N DEL PROYECTO ILUMIN@:<\/strong><\/li>\n<\/ul>\n\n\n\n<p>Con fecha 16 de julio de 2019 el IDAE notifica a la Diputaci\u00f3n de Lugo la RESOLUCI\u00d3N FAVORABLE&nbsp; en virtud de la cual el Proyecto ILUMIN@ obtuvo la ayuda solicitada en la convocatoria regulada por el Real Decreto 616\/2017*, del 16 de junio, por la que se regula la concesi\u00f3n directa de subvenciones a proyectos singulares de entidades locales que favorezcan el paso a una econom\u00eda baja en carbono en el marco del Programa operativo FEDER de crecimiento sostenible 2014-2020. Dicha convocatoria fue publicada en el BOE del 17 de junio de 2017. En el Proyecto ILUMIN@ participan 38 ayuntamientos de la Provincia de Lugo.<\/p>\n\n\n\n<p><strong>*<\/strong>Real Decreto 1516\/2018, del 28 de diciembre, por el que se modifica el Real Decreto 616\/2017, del 16 de junio, por el &nbsp;que se regula la concesi\u00f3n directa de subvenciones a proyectos singulares de entidades locales que favorezcan el paso a una econom\u00eda baja en carbono en el marco del programa operativo FEDER de crecimiento sostenible 2014-2020, ampliando su presupuesto y vigencia.<\/p>\n\n\n\n<p>*Real Decreto 316\/2019, del 26 de abril, por el que se modifica el Real Decreto 616\/2017, del 16 de junio, por el que &nbsp;se regula la concesi\u00f3n directa de subvenciones a proyectos singulares de entidades locales que favorezcan el paso a una econom\u00eda baja en carbono en el marco del programa operativo FEDER de crecimiento sostenible 2014-2020.<\/p>\n\n\n\n<p>*Real Decreto 1185\/2020, de 29 de diciembre, por el que se modifica el Real Decreto 616\/2017, de 16 de junio, por el que se regula la concesi\u00f3n directa de subvenciones a proyectos singulares de entidades locales que favorezcan el paso a una econom\u00eda baja en carbono en el marco del Programa operativo FEDER de crecimiento sostenible 2014-2020.<\/p>\n\n\n\n<p>El proyecto ILUMIN@ est\u00e1 encuadrado en el Objetivo Espec\u00edfico: OE 431-Eficiencia energ\u00e9tica en la edificaci\u00f3n y en las Infraestructuras y servicios P\u00fablicos: <strong>Medida 6 Renovaci\u00f3n de las instalaciones de alumbrado, iluminaci\u00f3n y se\u00f1alizaci\u00f3n exterior.<\/strong><\/p>\n\n\n\n<p>El objetivo principal de este proyecto ser\u00e1 la reducci\u00f3n del gasto energ\u00e9tico en, por lo menos, un 30% mediante el uso de l\u00e1mparas con tecnolog\u00eda LED, obteniendo una clasificaci\u00f3n energ\u00e9tica A o B, seg\u00fan las bases del R.D. 626\/2017.<\/p>\n\n\n\n<p>El importe total del proyecto ILUMIN@ es de <strong>722.590,36 \u20ac<\/strong>, siendo la cofinanciaci\u00f3n del FEDER de un 80%&nbsp; <strong>578.072,26 \u20ac<\/strong> asumiendo la&nbsp; Diputaci\u00f3n de Lugo el restante 20% con fondos propios <strong>144.518,10 \u20ac.<\/strong><\/p>\n\n\n\n<p><strong>EL AYUNTAMIENTO DE TRABADA, ES UNO DE LOS 38 AYUNTAMIENTOS QUE FORMAN PARTE DE ESTE PROYECTO.<\/strong><\/p>\n\n\n\n<p>El importe total de la actuaci\u00f3n del ayuntamiento de <strong>TRABADA<\/strong> es de <strong>17.079,48 \u20ac <\/strong>siendo la cofinanciaci\u00f3n del FEDER de un 80% <strong>13.663,58 \u20ac<\/strong> asumiendo la&nbsp; Diputaci\u00f3n de Lugo el restante 20% con fondos propios <strong>3.415,90 \u20ac.<\/strong><\/p>\n\n\n\n<ul class=\"wp-block-list\">\n<li><strong>DESCRIPCI\u00d3N DE LAS ACTUACIONES REALIZADAS EN EL AYUNTAMIENTO DE TRABADA:<\/strong><\/li>\n<\/ul>\n\n\n\n<figure class=\"wp-block-table\"><table><tbody><tr><td><strong>CARACTER\u00cdSTICAS DE LA INSTALACI\u00d3N (EX ANTE)<\/strong><\/td><\/tr><tr><td><strong>Identificador cuadro<\/strong><\/td><td><strong>Ayuntamiento<\/strong><\/td><td><strong>N\u00fam. de puntos de luz<\/strong><\/td><td><strong>Tipo de l\u00e1mpara instalada<\/strong><\/td><td><strong>Pot punto de luz (W)<\/strong><\/td><td><strong>Consumo anual de electricidad (Kwh\/a\u00f1o)<\/strong><\/td><td><strong>Coste anual de electricidad (\u20ac\/a\u00f1o)<\/strong><\/td><\/tr><tr><td>RABEXA<\/td><td>TRABADA<\/td><td>13<\/td><td>Baixo consumo<\/td><td>69<\/td><td>4.277,70<\/td><td>638,43<\/td><\/tr><tr><td>RETORTA<\/td><td>TRABADA<\/td><td>12<\/td><td>Baixo consumo<\/td><td>70<\/td><td>3.992,52<\/td><td>547,01<\/td><\/tr><tr><td>SAN MART\u00cdN<\/td><td>TRABADA<\/td><td>19<\/td><td>Baixo consumo<\/td><td>69<\/td><td>6.271,32<\/td><td>836,76<\/td><\/tr><\/tbody><\/table><\/figure>\n\n\n\n<figure class=\"wp-block-table\"><table><tbody><tr><td><strong>CARACTER\u00cdSTICAS DE LA INSTALACI\u00d3N (EX POST)<\/strong><\/td><\/tr><tr><td><strong>Identificador cuadro<\/strong><\/td><td><strong>Ayuntamiento<\/strong><\/td><td><strong>N\u00fam. de puntos de luz<\/strong><\/td><td><strong>Tipo de l\u00e1mpara a instalar<\/strong><\/td><td><strong>Potencia total&nbsp;&nbsp;&nbsp; (Kw)<\/strong><\/td><td><strong>Potencia reducida (Kw)<\/strong><\/td><td><strong>Consumo anual de electricidad<\/strong> <strong>estimado (Kwh\/a\u00f1o)<\/strong><\/td><td><strong>Coste &nbsp;anual de electricidad estimado (\u20ac\/a\u00f1o)<\/strong><\/td><\/tr><tr><td>RABEXA<\/td><td>TRABADA<\/td><td>13<\/td><td>LED<\/td><td>0,3601<\/td><td>0,28<\/td><td>1.237,76<\/td><td>176,01<\/td><\/tr><tr><td>RETORTA<\/td><td>TRABADA<\/td><td>12<\/td><td>LED<\/td><td>0,3324<\/td><td>0,26<\/td><td>1.142,55<\/td><td>162,47<\/td><\/tr><tr><td>SAN MART\u00cdN<\/td><td>TRABADA<\/td><td>19<\/td><td>LED<\/td><td>0,5263<\/td><td>0,41<\/td><td>1.809,03<\/td><td>257,24<\/td><\/tr><\/tbody><\/table><\/figure>\n\n\n\n<ul class=\"wp-block-list\">\n<li><strong>CONSECUENCIAS ENERG\u00c9TICAS DE LA ACTUACI\u00d3N<\/strong><\/li>\n<\/ul>\n\n\n\n<figure class=\"wp-block-table\"><table><tbody><tr><td><strong>CARACTER\u00cdSTICAS DEL AHORRO<\/strong><\/td><\/tr><tr><td><strong>Ayuntamiento<\/strong> <strong>&nbsp;<\/strong><\/td><td><strong>\u00cddem. Cuadro<\/strong> <strong>&nbsp;<\/strong><\/td><td><strong>Consumo de energ\u00eda actual<\/strong> <strong>kwh\/a\u00f1o<\/strong><\/td><td><strong>Consumo de energ\u00eda esperado&nbsp;<\/strong> <strong>kwh\/a\u00f1o<\/strong><\/td><td><strong>Ahorro de energ\u00eda<\/strong> <strong>kwh\/a\u00f1o<\/strong><\/td><td><strong>Ahorro de energ\u00eda<\/strong> <strong>%<\/strong><\/td><td><strong>Ahorro econ\u00f3mico anual<\/strong> <strong>\u20ac\/a\u00f1o<\/strong><\/td><td><strong>Ahorro econ\u00f3mico anual<\/strong> <strong>%<\/strong><\/td><\/tr><tr><td>TRABADA<\/td><td>AHORRO E EE AP DE TRABADA<\/td><td>14.541,54<\/td><td>4.189,34<\/td><td>10.352,20<\/td><td>71,19<\/td><td>1.426,48<\/td><td>70,54<\/td><\/tr><\/tbody><\/table><\/figure>\n\n\n\n<h2 class=\"wp-block-heading\"><strong>INDICADORES DE PRODUCTIVIDAD APLICABLES INCLUIDOS EN EL EJE DE ECONOM\u00cdA BAJA EN CARBONO DEL POCS corresponendIentes aL proYecto ilumin@<\/strong><\/h2>\n\n\n\n<p>Indicadores Ayuntamiento de Trabada:<\/p>\n\n\n\n<figure class=\"wp-block-table\"><table><tbody><tr><td><strong>E001Z <\/strong>Reducci\u00f3n del consumo de energ\u00eda final en infraestructuras p\u00fablicas o empresas [ktep\/a\u00f1o]<\/td><td>0,000890<\/td><\/tr><tr><td><strong>C034 <\/strong>Reducci\u00f3n de emisiones de GEI [tCO2eq\/a\u00f1o]<\/td><td>5,393<\/td><\/tr><\/tbody><\/table><\/figure>\n\n\n\n<p>Datos globales PROYECTO ILUMIN@:<\/p>\n\n\n\n<figure class=\"wp-block-table\"><table><tbody><tr><td>CARACTER\u00cdSTICAS DE AHORRO<\/td><\/tr><tr><td>CONSUMO DE ENERG\u00cdA ACTUAL<\/td><td>943.034,69<\/td><td>kWh\/a\u00f1o<\/td><\/tr><tr><td>CONSUMO DE ENERG\u00cdA ESPERADO<\/td><td>278.880,33<\/td><td>kWh\/a\u00f1o<\/td><\/tr><tr><td>AHORRO DE ENERG\u00cdA<\/td><td>664.154,36<\/td><td>kWh\/a\u00f1o<\/td><\/tr><tr><td>AHORRO RESPECTO AL CONSUMO EXISTENTE<\/td><td>70,43<\/td><td>%<\/td><\/tr><tr><td>COSTE DE LA ENERG\u00cdA<\/td><td>0,1442<\/td><td>\u20ac\/kWh<\/td><\/tr><tr><td>AHORRO ECON\u00d3MICO<\/td><td>95.763,00<\/td><td>\u20ac\/a\u00f1o<\/td><\/tr><tr><td>E001 REDUCCI\u00d3N DEL CONSUMO DE ENERG\u00cdA FINAL<\/td><td>0,057117<\/td><td>Ktep\/a\u00f1o<\/td><\/tr><tr><td>C034 EMISIONES DE CO2 EVITADAS(0.521Kg CO2\/kW E. final )<\/td><td>346,024<\/td><td>tCO2 eq\/a\u00f1o<\/td><\/tr><\/tbody><\/table><\/figure>\n","protected":false},"excerpt":{"rendered":"<p>\u201cUna manera de hacer Europa\u201d Cofinanciado en un 80% por el FEDER PROYECTO ILUMIN@: Actuaci\u00f3n cofinanciada en un 80% por el Programa de Subvenciones para proyectos singulares de entidades locales que favorezcan el paso a una econom\u00eda baja en carbono en el marco del Programa operativo FEDER de crecimiento sostenible 2014-2020, asumiendo el restante 20% [&hellip;]<\/p>\n","protected":false},"author":2,"featured_media":6198,"comment_status":"closed","ping_status":"closed","sticky":false,"template":"","format":"standard","meta":{"footnotes":""},"categories":[1],"tags":[],"class_list":["post-6197","post","type-post","status-publish","format-standard","has-post-thumbnail","hentry","category-trabada"],"_links":{"self":[{"href":"https:\/\/trabada.gal\/gl\/wp-json\/wp\/v2\/posts\/6197","targetHints":{"allow":["GET"]}}],"collection":[{"href":"https:\/\/trabada.gal\/gl\/wp-json\/wp\/v2\/posts"}],"about":[{"href":"https:\/\/trabada.gal\/gl\/wp-json\/wp\/v2\/types\/post"}],"author":[{"embeddable":true,"href":"https:\/\/trabada.gal\/gl\/wp-json\/wp\/v2\/users\/2"}],"replies":[{"embeddable":true,"href":"https:\/\/trabada.gal\/gl\/wp-json\/wp\/v2\/comments?post=6197"}],"version-history":[{"count":0,"href":"https:\/\/trabada.gal\/gl\/wp-json\/wp\/v2\/posts\/6197\/revisions"}],"wp:featuredmedia":[{"embeddable":true,"href":"https:\/\/trabada.gal\/gl\/wp-json\/wp\/v2\/media\/6198"}],"wp:attachment":[{"href":"https:\/\/trabada.gal\/gl\/wp-json\/wp\/v2\/media?parent=6197"}],"wp:term":[{"taxonomy":"category","embeddable":true,"href":"https:\/\/trabada.gal\/gl\/wp-json\/wp\/v2\/categories?post=6197"},{"taxonomy":"post_tag","embeddable":true,"href":"https:\/\/trabada.gal\/gl\/wp-json\/wp\/v2\/tags?post=6197"}],"curies":[{"name":"wp","href":"https:\/\/api.w.org\/{rel}","templated":true}]}}